{"id":1679,"date":"2020-09-30T17:54:03","date_gmt":"2020-09-30T15:54:03","guid":{"rendered":"https:\/\/www.esteri.it\/sala_stampa\/archivionotizie\/comunicati\/2020\/09\/di-stefano-a-veronafiere-restart-fiere-al-centro-del-rilancio-economico_0\/"},"modified":"2020-09-30T17:54:03","modified_gmt":"2020-09-30T15:54:03","slug":"di-stefano-a-veronafiere-restart-fiere-al-centro-del-rilancio-economico_0","status":"publish","type":"post","link":"https:\/\/www.esteri.it\/it\/sala_stampa\/archivionotizie\/comunicati\/2020\/09\/di-stefano-a-veronafiere-restart-fiere-al-centro-del-rilancio-economico_0\/","title":{"rendered":"Di Stefano a VeronaFiere ReStart, fiere al centro del rilancio economico"},"content":{"rendered":"<p>Il Sottosegretario Manlio Di Stefano \u00e8 intervenuto questa mattina in apertura dell\u2019evento VeronaFiere ReStart, inaugurando MarmoMac ReStart Digital, prima fiera virtuale sui macchinari e tecnologie di lavorazione della pietra.<\/p>\n<p>\u201cAbbiamo dato mandato ad Agenzia ICE di puntare sul rilancio delle fiere autunnali come rilancio del Paese\u201d &#8211; ha esordito il Sottosegretario- \u201cperch\u00e9 riteniamo questo comparto strategico per il nostro sistema produttivo e non solo perch\u00e9 mobilita ogni anno circa 60 miliardi di euro di indotto, ma soprattutto perch\u00e9 le fiere rappresentano una vetrina internazionale e quindi un volano di internazionalizzazione per tutte le nostre aziende.\u201d<\/p>\n<p>\u201cSappiamo bene- ha dichiarato il Sottosegretario- che il settore fieristico \u00e8 uno di quelli che ha sofferto di pi\u00f9 dalla crisi causata dalla pandemia, con oltre il 70% di mancati introiti, e proprio per questo abbiamo garantito nel 2020 un aiuto costante, dedicando un intero pilastro del \u201cPatto per l\u2019Export\u201d al settore e stanziando da ultimo nel DL Agosto un\u2019apposita sezione nel Fondo 394 di Simest per il sostegno diretto alle fiere.\u201d<\/p>\n","protected":false},"excerpt":{"rendered":"Il Sottosegretario Manlio Di Stefano \u00e8 intervenuto questa mattina in apertura dell\u2019evento VeronaFiere ReStart, inaugurando MarmoMac ReStart Digital, prima fiera virtuale sui macchinari e tecnologie di lavorazione della pietra. \u201cAbbiamo dato mandato ad Agenzia ICE di puntare sul rilancio delle fiere autunnali come rilancio del Paese\u201d &#8211; ha esordito il Sottosegretario- \u201cperch\u00e9 riteniamo questo comparto [&hellip;]","protected":false},"author":1,"featured_media":0,"comment_status":"","ping_status":"","sticky":false,"template":"","format":"standard","meta":{"footnotes":""},"categories":[1],"tags":[3,399],"class_list":["post-1679","post","type-post","status-publish","format-standard","hentry","category-comunicati","tag-diplomazia-economica","tag-vice-ministri-e-sottosegretari-precedenti"],"_links":{"self":[{"href":"https:\/\/www.esteri.it\/it\/wp-json\/wp\/v2\/posts\/1679","targetHints":{"allow":["GET"]}}],"collection":[{"href":"https:\/\/www.esteri.it\/it\/wp-json\/wp\/v2\/posts"}],"about":[{"href":"https:\/\/www.esteri.it\/it\/wp-json\/wp\/v2\/types\/post"}],"author":[{"embeddable":true,"href":"https:\/\/www.esteri.it\/it\/wp-json\/wp\/v2\/users\/1"}],"replies":[{"embeddable":true,"href":"https:\/\/www.esteri.it\/it\/wp-json\/wp\/v2\/comments?post=1679"}],"version-history":[{"count":0,"href":"https:\/\/www.esteri.it\/it\/wp-json\/wp\/v2\/posts\/1679\/revisions"}],"wp:attachment":[{"href":"https:\/\/www.esteri.it\/it\/wp-json\/wp\/v2\/media?parent=1679"}],"wp:term":[{"taxonomy":"category","embeddable":true,"href":"https:\/\/www.esteri.it\/it\/wp-json\/wp\/v2\/categories?post=1679"},{"taxonomy":"post_tag","embeddable":true,"href":"https:\/\/www.esteri.it\/it\/wp-json\/wp\/v2\/tags?post=1679"}],"curies":[{"name":"wp","href":"https:\/\/api.w.org\/{rel}","templated":true}]}}