{"id":1691,"date":"2020-09-26T11:46:26","date_gmt":"2020-09-26T09:46:26","guid":{"rendered":"https:\/\/www.esteri.it\/sala_stampa\/archivionotizie\/comunicati\/2020\/09\/sereni-all-onu-nuova-normalita-sia-inclusiva-verde-e-sostenibile\/"},"modified":"2020-09-26T11:46:26","modified_gmt":"2020-09-26T09:46:26","slug":"sereni-all-onu-nuova-normalita-sia-inclusiva-verde-e-sostenibile","status":"publish","type":"post","link":"https:\/\/www.esteri.it\/it\/sala_stampa\/archivionotizie\/comunicati\/2020\/09\/sereni-all-onu-nuova-normalita-sia-inclusiva-verde-e-sostenibile\/","title":{"rendered":"Sereni all&#8217;Onu, nuova normalit\u00e0 sia inclusiva, verde e sostenibile"},"content":{"rendered":"<p style=\"text-align: justify;\">La Vice Ministra Marina Sereni ha partecipato in videoconferenza alla riunione ministeriale dell&#8217;Alleanza per il Multilateralismo, tenutasi in occasione della 75a sessione dell&#8217;Assemblea generale delle Nazioni Unite.<\/p>\n<p style=\"text-align: justify;\">Gli interventi si sono concentrati sulla necessit\u00e0 di &#8220;ricostruire al meglio&#8221; il mondo e le istituzioni multilaterali dopo la crisi del COVID-19, tenendo soprattutto conto dei fattori clima, salute, tecnologia digitale e uguaglianza di genere.<\/p>\n<p style=\"text-align: justify;\">Nel suo intervento, la Vice Ministra ha rilevato come l&#8217;attuale pandemia abbia generato un diffuso senso di incertezza. \u201cLa risposta pi\u00f9 efficace e strutturale alle sfide che dobbiamo affrontare &#8211; ha spiegato Sereni &#8211; risiede in un multilateralismo riformato e rafforzato. Solo se potremo contare su un sistema internazionale basato su regole precise, valori universali, diritti fondamentali, uguaglianza e inclusione, potremo tratteggiare una soluzione davvero duratura all\u2019attuale crisi. L&#8217;agenda che l\u2019Italia sta definendo per la Presidenza del G20 che ci prepariamo ad assumere si basa su tre concetti essenziali: Persone, Pianeta e Prosperit\u00e0.\u201d<\/p>\n<p style=\"text-align: justify;\">\u201cNel 2021, in qualit\u00e0 di co-presidente della COP26 in collaborazione con il Regno Unito &#8211; ha proseguito la Vice Ministra &#8211; abbiamo in serbo un programma \u00a0ambizioso e sfaccettato che vuole fare della sicurezza del pianeta il centro dell\u2019agenda della Conferenza. Il compito che abbiamo di fronte \u00e8 arduo quanto cruciale per segnare il nostro futuro. Sta a noi uscire da quest&#8217;emergenza nel modo migliore. Non possiamo tornare alla vecchia normalit\u00e0, sforziamoci tutti insieme per una nuova normalit\u00e0, pi\u00f9 inclusiva, verde e sostenibile, in cui vivere\u201d, ha concluso Sereni.<\/p>\n<table border=\"0\" cellspacing=\"0\" cellpadding=\"0\">\n<tbody>\n<tr height=\"223\">\n<td width=\"93\" valign=\"top\">\u00a0<\/td>\n<\/tr>\n<\/tbody>\n<\/table>\n","protected":false},"excerpt":{"rendered":"La Vice Ministra Marina Sereni ha partecipato in videoconferenza alla riunione ministeriale dell&#8217;Alleanza per il Multilateralismo, tenutasi in occasione della 75a sessione dell&#8217;Assemblea generale delle Nazioni Unite. Gli interventi si sono concentrati sulla necessit\u00e0 di &#8220;ricostruire al meglio&#8221; il mondo e le istituzioni multilaterali dopo la crisi del COVID-19, tenendo soprattutto conto dei fattori clima, [&hellip;]","protected":false},"author":1,"featured_media":0,"comment_status":"","ping_status":"","sticky":false,"template":"","format":"standard","meta":{"footnotes":""},"categories":[1],"tags":[26,399],"class_list":["post-1691","post","type-post","status-publish","format-standard","hentry","category-comunicati","tag-onu","tag-vice-ministri-e-sottosegretari-precedenti"],"_links":{"self":[{"href":"https:\/\/www.esteri.it\/it\/wp-json\/wp\/v2\/posts\/1691","targetHints":{"allow":["GET"]}}],"collection":[{"href":"https:\/\/www.esteri.it\/it\/wp-json\/wp\/v2\/posts"}],"about":[{"href":"https:\/\/www.esteri.it\/it\/wp-json\/wp\/v2\/types\/post"}],"author":[{"embeddable":true,"href":"https:\/\/www.esteri.it\/it\/wp-json\/wp\/v2\/users\/1"}],"replies":[{"embeddable":true,"href":"https:\/\/www.esteri.it\/it\/wp-json\/wp\/v2\/comments?post=1691"}],"version-history":[{"count":0,"href":"https:\/\/www.esteri.it\/it\/wp-json\/wp\/v2\/posts\/1691\/revisions"}],"wp:attachment":[{"href":"https:\/\/www.esteri.it\/it\/wp-json\/wp\/v2\/media?parent=1691"}],"wp:term":[{"taxonomy":"category","embeddable":true,"href":"https:\/\/www.esteri.it\/it\/wp-json\/wp\/v2\/categories?post=1691"},{"taxonomy":"post_tag","embeddable":true,"href":"https:\/\/www.esteri.it\/it\/wp-json\/wp\/v2\/tags?post=1691"}],"curies":[{"name":"wp","href":"https:\/\/api.w.org\/{rel}","templated":true}]}}