{"id":169643,"date":"2026-01-13T09:19:54","date_gmt":"2026-01-13T08:19:54","guid":{"rendered":"https:\/\/www.esteri.it\/?p=169643"},"modified":"2026-01-13T09:20:21","modified_gmt":"2026-01-13T08:20:21","slug":"tajani-il-segreto-e-la-discrezione-in-venezuela-nuovi-scenari-il-messaggero-il-mattino-il-gazzettino","status":"publish","type":"post","link":"https:\/\/www.esteri.it\/it\/sala_stampa\/archivionotizie\/interviste\/2026\/01\/tajani-il-segreto-e-la-discrezione-in-venezuela-nuovi-scenari-il-messaggero-il-mattino-il-gazzettino\/","title":{"rendered":"Tajani: \u00abIl segreto \u00e8 la discrezione. In Venezuela nuovi scenari\u00bb (Il Messaggero \u2013 Il Mattino \u2013 Il Gazzettino)"},"content":{"rendered":"<p><strong>Ministro\u00a0Tajani, che cosa rappresenta la liberazione di Trentini, e degli altri italiani, per il nostro Paese e per il suo peso geopolitico?<\/strong><\/p>\n<p>\u00abRappresenta anzitutto la conferma che abbiamo ormai un know how consolidato e funzionante, e molto riconosciuto, nel campo della liberazione di italiani arrestati nel mondo. Le ricordo che, giusto un anno fa, ci fu la liberazione di Cecilia Sala e, prima ancora, di Alessia Piperno, la ragazza italiana arrestata dai pasdaran in Iran\u00bb.<\/p>\n<p><strong>Che cosa vi siete detti con Trentini appena lo hanno liberato e portato in ambasciata a Caracas?<\/strong><\/p>\n<p>\u00abVolevo sapere come stava, ero preoccupato per la sua situazione psico-fisica. Con lui e con Mario Burl\u00f2 abbiamo parlato di questo. Per noi la priorit\u00e0 era la liberazione di questi due prigionieri e degli altri 42 italiani detenuti in Venezuela, per i quali siamo impegnatissimi\u00bb.<\/p>\n<p><strong>L&#8217;accelerazione su Trentini quando si \u00e8 avuta?<\/strong><\/p>\n<p>\u00abDa quando Jorge Rodriguez, il presidente del Parlamento venezuelano e fratello della attuale presidente di quel Paese, ha annunciato la liberazione dei prigionieri. Ma non era detto che ci sarebbero stati anche gli italiani nella lista dei liberati, e non era scontato che tra questi rientrasse anche Trentini. A quel punto, abbiamo messo in campo ogni tipo di energia diplomatica\u00bb.<\/p>\n<p><strong>La chiave del successo?<\/strong><\/p>\n<p>\u00abL\u2019ampiezza della tessitura, gioco di squadra tra Palazzo Chigi e Farnesina, e l&#8217;ottimo lavoro dell\u2019ambasciata, del consolato italiani e dell&#8217;intelligence\u00bb.<\/p>\n<p><strong>Ha contato molto l&#8217;interlocuzione con il segretario di Stato degli Stati Uniti?<\/strong><\/p>\n<p>\u00abNoi siamo molto pragmatici. Con Marco Rubio il rapporto \u00e8 sempre stato ottimo. Nella riunione del G7 nel giorno dell&#8217;Epifania, ho posto il problema della liberazione dei 4 italiani e lui ha sostenuto la nostra richiesta. Ci sono delle cose su cui, con l&#8217;amministrazione statunitense, si \u00e8 d&#8217;accordo e ce ne sono altre su cui abbiamo posizioni diverse. Il tutto con un atteggiamento laico e limpido. Come dev&#8217;essere tra alleati. Perch\u00e9 prevale su tutto il rapporto transatlantico\u00bb.<\/p>\n<p><strong>Non la politica esibita e anche straparlante ma la politica sottotraccia \u00e8 quella che d\u00e0 risultati?<\/strong><\/p>\n<p>\u00abLa discrezione \u00e8 il cuore della diplomazia. Io da politico diventato\u00a0ministro degli Esteri\u00a0ho compreso presto l&#8217;importanza dell&#8217;arte della diplomazia. Che \u00e8 fatta di dialogo, di confronto, di fiducia e, nel caso, anche di fermezza. Ma quando serve, occorre stare lontano dai riflettori. Noi abbiamo usato discrezione e massima condivisione. Infatti, la prima telefonata che ho fatto appena Trentini e Burl\u00f2 sono stati rilasciati \u00e8 stata con Giorgia Meloni. Ci eravamo sentiti domenica sera, appena il\u00a0ministro degli Esteri\u00a0venezuelano mi aveva annunciato l&#8217;imminente liberazione dei due italiani, e abbiamo parlato del lato umano della vicenda, che \u00e8 politica ma \u00e8 appunto anche umana, perch\u00e9 riguarda persone e famiglie che soffrono e alle quali si deve cercare di dare risposte. Meloni in quella telefonata mi aveva detto: appena c&#8217;\u00e8 la notizia, chiamami a qualsiasi ora. E io alle 3,30 del mattino le ho telefonato\u00bb<\/p>\n<p><strong>La fine di Maduro e l&#8217;ascesa della presidente Rodriguez hanno facilitato trattativa?<\/strong><\/p>\n<p>\u00abCertamente. Ora la presidente vuole aprire nuovi fronti diplomatici. Anche per questo a un segnale politico importante arrivato dal governo venezuelano abbiamo risposto con un altro segnale politico importante: l&#8217;incaricato di affari in Venezuela diventa a pieno titolo &#8220;ambasciatore&#8221; italiano\u00bb.<\/p>\n<p><strong>C&#8217;\u00e8 una questione energetica che lega quel Paese con il nostro Paese?<\/strong><\/p>\n<p>\u00abGuardi, non \u00e8 un caso che Trump abbia invitato l&#8217;Eni alla riunione alla Casa Bianca delle principali societ\u00e0 petrolifere americane che operano in Venezuela: colossi tra cui Chevron, Exxon, ConocoPhillips e Halliburton. L&#8217;Eni \u00e8 una delle compagnie energetiche maggiormente presenti in Venezuela e quindi contiamo di continuare sempre di pi\u00f9 a essere protagonisti in quell&#8217;area. Protagonisti nel campo energetico, quello in cui il presidente americano ha riconosciuto l&#8217;eccellenza del nostro operato, ma anche nel settore della sanit\u00e0, delle reti elettriche, dell&#8217;acqua: sono ambiti in cui l&#8217;Italia e il Venezuela possono collaborare\u00bb.<\/p>\n<p><strong>E aiuta in questo senso l&#8217;evoluzione politica in corso in quel Paese?<\/strong> \u00abSi aprono nuove prospettive interessanti, e l&#8217;Italia \u00e8 nelle condizioni &#8211; grazie alla crescita del suo standing internazionale &#8211; per coglierle e svilupparle. In tutta l&#8217;America Latina stiamo acquisendo maggiore centralit\u00e0\u00bb.<\/p>\n<p><strong>L&#8217;accordo tra Ue e Mercosur \u00e8 un&#8217;ulteriore opportunit\u00e0?<\/strong><\/p>\n<p>\u00abLo \u00e8 sia per l&#8217;Italia sia per l&#8217;Europa. Io sono anche il ministro del Commercio internazionale e da sempre ho sostenuto la necessit\u00e0 di raggiungere l&#8217;accordo con un gruppo cos\u00ec importante di Paesi sud-americani, con la giusta tutela dell&#8217;agricoltura\u00bb.<\/p>\n<p><strong>Quanto all&#8217;energia, insomma l&#8217;Italia a tutto gas in Venezuela?<\/strong><\/p>\n<p>\u00abLa questione \u00e8 strategica e attiene all&#8217;interesse nazionale. La posizione dell&#8217;Eni in quel Paese e i crediti che vanta per l&#8217;estrazione del gas dovranno essere oggetto di una trattativa che dovremo fare con il Venezuela e con gli americani\u00bb.<\/p>\n<p><strong>Ma non teme qualche colpo di coda del regime di Maduro che potrebbe bloccare questa nuova stagione di innovazioni anche economiche?<\/strong><\/p>\n<p>\u00abLa crescita economica \u00e8 importantissima, e ha bisogno di stabilit\u00e0 politica per dispiegarsi. Perci\u00f2 il primo obiettivo da perseguire \u00e8 proprio quello della stabilizzazione del Venezuela, facendo in modo tutti insieme che si eviti uno scenario di guerra civile. Questa consapevolezza \u00e8 largamente diffusa, dall&#8217;amministrazione americana ai vari player globali\u00bb.<\/p>\n<p><strong>E se la transizione funziona? <\/strong><\/p>\n<p>\u00abTerminata quella fase, si potr\u00e0 arrivare ad elezioni democratiche\u00bb.<\/p>\n<p><strong>Intanto ha visto che in Italia nella manifestazioni pro Pal e in quelle pro Maduro vengono date alle fiamme le bandiere americane? <\/strong><\/p>\n<p>\u00abBruciare le bandiere di uno Stato non ha alcun senso. Non bisogna mai confondere un governo con un popolo e la sua storia. Noi dobbiamo sempre ricordare che gli Stati Uniti d&#8217;America sono quelli che hanno permesso all&#8217;Italia e all&#8217;Europa di essere liberi da orrende dittature del secolo passato, dal nazismo e dal comunismo. Quel che dobbiamo fare \u00e8 guardare avanti e farlo nella modalit\u00e0 del dialogo interno e internazionale, che \u00e8 l&#8217;unica che porta benefici a tutti\u00bb.<\/p>\n","protected":false},"excerpt":{"rendered":"Ministro\u00a0Tajani, che cosa rappresenta la liberazione di Trentini, e degli altri italiani, per il nostro Paese e per il suo peso geopolitico? \u00abRappresenta anzitutto la conferma che abbiamo ormai un know how consolidato e funzionante, e molto riconosciuto, nel campo della liberazione di italiani arrestati nel mondo. Le ricordo che, giusto un anno fa, ci [&hellip;]","protected":false},"author":3,"featured_media":169644,"comment_status":"closed","ping_status":"closed","sticky":false,"template":"","format":"standard","meta":{"footnotes":""},"categories":[23],"tags":[398,28],"class_list":["post-169643","post","type-post","status-publish","format-standard","has-post-thumbnail","hentry","category-interviste","tag-america-latina-e-caraibi","tag-ministro"],"_links":{"self":[{"href":"https:\/\/www.esteri.it\/it\/wp-json\/wp\/v2\/posts\/169643","targetHints":{"allow":["GET"]}}],"collection":[{"href":"https:\/\/www.esteri.it\/it\/wp-json\/wp\/v2\/posts"}],"about":[{"href":"https:\/\/www.esteri.it\/it\/wp-json\/wp\/v2\/types\/post"}],"author":[{"embeddable":true,"href":"https:\/\/www.esteri.it\/it\/wp-json\/wp\/v2\/users\/3"}],"replies":[{"embeddable":true,"href":"https:\/\/www.esteri.it\/it\/wp-json\/wp\/v2\/comments?post=169643"}],"version-history":[{"count":2,"href":"https:\/\/www.esteri.it\/it\/wp-json\/wp\/v2\/posts\/169643\/revisions"}],"predecessor-version":[{"id":169646,"href":"https:\/\/www.esteri.it\/it\/wp-json\/wp\/v2\/posts\/169643\/revisions\/169646"}],"wp:featuredmedia":[{"embeddable":true,"href":"https:\/\/www.esteri.it\/it\/wp-json\/wp\/v2\/media\/169644"}],"wp:attachment":[{"href":"https:\/\/www.esteri.it\/it\/wp-json\/wp\/v2\/media?parent=169643"}],"wp:term":[{"taxonomy":"category","embeddable":true,"href":"https:\/\/www.esteri.it\/it\/wp-json\/wp\/v2\/categories?post=169643"},{"taxonomy":"post_tag","embeddable":true,"href":"https:\/\/www.esteri.it\/it\/wp-json\/wp\/v2\/tags?post=169643"}],"curies":[{"name":"wp","href":"https:\/\/api.w.org\/{rel}","templated":true}]}}