{"id":1728,"date":"2020-09-18T15:43:40","date_gmt":"2020-09-18T13:43:40","guid":{"rendered":"https:\/\/www.esteri.it\/sala_stampa\/archivionotizie\/comunicati\/2020\/09\/nota-farnesina-libia_6\/"},"modified":"2020-09-18T15:43:40","modified_gmt":"2020-09-18T13:43:40","slug":"nota-farnesina-libia_6","status":"publish","type":"post","link":"https:\/\/www.esteri.it\/it\/sala_stampa\/archivionotizie\/comunicati\/2020\/09\/nota-farnesina-libia_6\/","title":{"rendered":"Nota Farnesina &#8211; Libia"},"content":{"rendered":"<p>L\u2019Italia ha preso attenta nota delle dichiarazioni con le quali il Presidente del Consiglio Presidenziale libico, Fayez Al Serraj, ha annunciato la sua intenzione di lasciare l\u2019incarico entro fine ottobre cedendo il passo al nuovo esecutivo che dovrebbe scaturire dai negoziati nell\u2019ambito del Dialogo Politico Libico sotto egida Onu. Si tratta di una decisione di grande responsabilit\u00e0 in una fase critica della storia della Libia. Nel pieno rispetto della sovranit\u00e0 e della volont\u00e0 del popolo libico, auspichiamo che tutte le parti sostengano con responsabilit\u00e0 il percorso di dialogo verso una soluzione concordata alla crisi nell\u2019alveo del Processo di Berlino.<\/p>\n<p>L\u2019Italia ha accolto con grande favore l\u2019adozione della Risoluzione 2542 del Consiglio di Sicurezza che rinnova il mandato della Missione di Supporto delle Nazioni Unite in Libia (UNSMIL) e sostiene con convinzione gli sforzi della missione ONU in Libia per rilanciare il processo di dialogo politico intra-libico. Auspichiamo che tutti i membri della Comunit\u00e0 internazionale si associno in buona fede a sostegno di tale percorso astenendosi dall\u2019interferire negli affari interni della Libia nel pieno rispetto del diritto internazionale, a partire dall\u2019embargo sulle armi.<\/p>\n","protected":false},"excerpt":{"rendered":"L\u2019Italia ha preso attenta nota delle dichiarazioni con le quali il Presidente del Consiglio Presidenziale libico, Fayez Al Serraj, ha annunciato la sua intenzione di lasciare l\u2019incarico entro fine ottobre cedendo il passo al nuovo esecutivo che dovrebbe scaturire dai negoziati nell\u2019ambito del Dialogo Politico Libico sotto egida Onu. Si tratta di una decisione di [&hellip;]","protected":false},"author":1,"featured_media":0,"comment_status":"","ping_status":"","sticky":false,"template":"","format":"standard","meta":{"footnotes":""},"categories":[1],"tags":[25,6],"class_list":["post-1728","post","type-post","status-publish","format-standard","hentry","category-comunicati","tag-farnesina","tag-mediterraneo-e-medio-oriente"],"_links":{"self":[{"href":"https:\/\/www.esteri.it\/it\/wp-json\/wp\/v2\/posts\/1728","targetHints":{"allow":["GET"]}}],"collection":[{"href":"https:\/\/www.esteri.it\/it\/wp-json\/wp\/v2\/posts"}],"about":[{"href":"https:\/\/www.esteri.it\/it\/wp-json\/wp\/v2\/types\/post"}],"author":[{"embeddable":true,"href":"https:\/\/www.esteri.it\/it\/wp-json\/wp\/v2\/users\/1"}],"replies":[{"embeddable":true,"href":"https:\/\/www.esteri.it\/it\/wp-json\/wp\/v2\/comments?post=1728"}],"version-history":[{"count":0,"href":"https:\/\/www.esteri.it\/it\/wp-json\/wp\/v2\/posts\/1728\/revisions"}],"wp:attachment":[{"href":"https:\/\/www.esteri.it\/it\/wp-json\/wp\/v2\/media?parent=1728"}],"wp:term":[{"taxonomy":"category","embeddable":true,"href":"https:\/\/www.esteri.it\/it\/wp-json\/wp\/v2\/categories?post=1728"},{"taxonomy":"post_tag","embeddable":true,"href":"https:\/\/www.esteri.it\/it\/wp-json\/wp\/v2\/tags?post=1728"}],"curies":[{"name":"wp","href":"https:\/\/api.w.org\/{rel}","templated":true}]}}