{"id":1751,"date":"2020-09-11T08:46:27","date_gmt":"2020-09-11T06:46:27","guid":{"rendered":"https:\/\/www.esteri.it\/sala_stampa\/archivionotizie\/comunicati\/2020\/09\/nota-farnesina-colloqui-tra-parti-libiche-a-montreux\/"},"modified":"2020-09-11T08:46:27","modified_gmt":"2020-09-11T06:46:27","slug":"nota-farnesina-colloqui-tra-parti-libiche-a-montreux","status":"publish","type":"post","link":"https:\/\/www.esteri.it\/it\/sala_stampa\/archivionotizie\/comunicati\/2020\/09\/nota-farnesina-colloqui-tra-parti-libiche-a-montreux\/","title":{"rendered":"Nota Farnesina &#8211; Colloqui tra parti libiche a Montreux"},"content":{"rendered":"<p>L\u2019Italia ha accolto con grande favore le raccomandazioni che i rappresentanti delle parti libiche hanno convenuto all\u2019esito dei colloqui svoltisi dal 7 al 9 settembre scorsi a Montreux, Svizzera, sotto gli auspici di UNSMIL.<\/p>\n<p>Sulla scia delle dichiarazioni parallele del Presidente del Consiglio Presidenziale Fayez Serraj e del Presidente della Camera dei Rappresentanti Aghila Saleh del 21 agosto scorso, i colloqui costituiscono un passo nella giusta direzione in vista di una prossima convocazione del Foro di Dialogo Politico Libico (Libyan Political Dialogue Forum).<\/p>\n<p>Se recepite e concretizzate dai partecipanti al Dialogo Politico Libico, le raccomandazioni di Montreux contribuiranno a creare le condizioni necessarie per definire un quadro istituzionale e un percorso elettorale condivisi, che garantiscano la rappresentativit\u00e0 del popolo libico e la sovranit\u00e0 e unit\u00e0 della Libia.<\/p>\n","protected":false},"excerpt":{"rendered":"L\u2019Italia ha accolto con grande favore le raccomandazioni che i rappresentanti delle parti libiche hanno convenuto all\u2019esito dei colloqui svoltisi dal 7 al 9 settembre scorsi a Montreux, Svizzera, sotto gli auspici di UNSMIL. Sulla scia delle dichiarazioni parallele del Presidente del Consiglio Presidenziale Fayez Serraj e del Presidente della Camera dei Rappresentanti Aghila Saleh [&hellip;]","protected":false},"author":1,"featured_media":0,"comment_status":"","ping_status":"","sticky":false,"template":"","format":"standard","meta":{"footnotes":""},"categories":[1],"tags":[6,26],"class_list":["post-1751","post","type-post","status-publish","format-standard","hentry","category-comunicati","tag-mediterraneo-e-medio-oriente","tag-onu"],"_links":{"self":[{"href":"https:\/\/www.esteri.it\/it\/wp-json\/wp\/v2\/posts\/1751","targetHints":{"allow":["GET"]}}],"collection":[{"href":"https:\/\/www.esteri.it\/it\/wp-json\/wp\/v2\/posts"}],"about":[{"href":"https:\/\/www.esteri.it\/it\/wp-json\/wp\/v2\/types\/post"}],"author":[{"embeddable":true,"href":"https:\/\/www.esteri.it\/it\/wp-json\/wp\/v2\/users\/1"}],"replies":[{"embeddable":true,"href":"https:\/\/www.esteri.it\/it\/wp-json\/wp\/v2\/comments?post=1751"}],"version-history":[{"count":0,"href":"https:\/\/www.esteri.it\/it\/wp-json\/wp\/v2\/posts\/1751\/revisions"}],"wp:attachment":[{"href":"https:\/\/www.esteri.it\/it\/wp-json\/wp\/v2\/media?parent=1751"}],"wp:term":[{"taxonomy":"category","embeddable":true,"href":"https:\/\/www.esteri.it\/it\/wp-json\/wp\/v2\/categories?post=1751"},{"taxonomy":"post_tag","embeddable":true,"href":"https:\/\/www.esteri.it\/it\/wp-json\/wp\/v2\/tags?post=1751"}],"curies":[{"name":"wp","href":"https:\/\/api.w.org\/{rel}","templated":true}]}}