{"id":1768,"date":"2020-09-09T19:14:13","date_gmt":"2020-09-09T17:14:13","guid":{"rendered":"https:\/\/www.esteri.it\/sala_stampa\/archivionotizie\/comunicati\/2020\/09\/scalfarotto-inaccettabile-la-detenzione-di-maria-kolesnikova\/"},"modified":"2020-09-09T19:14:13","modified_gmt":"2020-09-09T17:14:13","slug":"scalfarotto-inaccettabile-la-detenzione-di-maria-kolesnikova","status":"publish","type":"post","link":"https:\/\/www.esteri.it\/it\/sala_stampa\/archivionotizie\/comunicati\/2020\/09\/scalfarotto-inaccettabile-la-detenzione-di-maria-kolesnikova\/","title":{"rendered":"Scalfarotto: inaccettabile la detenzione di Maria Kolesnikova"},"content":{"rendered":"<p>\u201cLa detenzione di Maria Kolesnikova, le espulsioni, gli arresti immotivati e la persecuzione degli esponenti dell\u2019opposizione bielorussa e dei manifestanti pacifici sono inaccettabili e incompatibili con i valori di libert\u00e0 e democrazia che accomunano tutti i Paesi europei\u201d, ha dichiarato il Sottosegretario Ivan Scalfarotto. \u201cMi appello alle autorit\u00e0 bielorusse affinch\u00e9 mettano subito in libert\u00e0 Mar\u00eda Kolesnikova e tutte le persone detenute a causa delle loro posizioni politiche, avviando il dialogo con le opposizioni e assicurando il rispetto dei diritti umani di tutti i bielorussi\u201d, ha concluso Scalfarotto.<\/p>\n","protected":false},"excerpt":{"rendered":"\u201cLa detenzione di Maria Kolesnikova, le espulsioni, gli arresti immotivati e la persecuzione degli esponenti dell\u2019opposizione bielorussa e dei manifestanti pacifici sono inaccettabili e incompatibili con i valori di libert\u00e0 e democrazia che accomunano tutti i Paesi europei\u201d, ha dichiarato il Sottosegretario Ivan Scalfarotto. \u201cMi appello alle autorit\u00e0 bielorusse affinch\u00e9 mettano subito in libert\u00e0 Mar\u00eda [&hellip;]","protected":false},"author":1,"featured_media":0,"comment_status":"","ping_status":"","sticky":false,"template":"","format":"standard","meta":{"footnotes":""},"categories":[1],"tags":[9,399],"class_list":["post-1768","post","type-post","status-publish","format-standard","hentry","category-comunicati","tag-europa","tag-vice-ministri-e-sottosegretari-precedenti"],"_links":{"self":[{"href":"https:\/\/www.esteri.it\/it\/wp-json\/wp\/v2\/posts\/1768","targetHints":{"allow":["GET"]}}],"collection":[{"href":"https:\/\/www.esteri.it\/it\/wp-json\/wp\/v2\/posts"}],"about":[{"href":"https:\/\/www.esteri.it\/it\/wp-json\/wp\/v2\/types\/post"}],"author":[{"embeddable":true,"href":"https:\/\/www.esteri.it\/it\/wp-json\/wp\/v2\/users\/1"}],"replies":[{"embeddable":true,"href":"https:\/\/www.esteri.it\/it\/wp-json\/wp\/v2\/comments?post=1768"}],"version-history":[{"count":0,"href":"https:\/\/www.esteri.it\/it\/wp-json\/wp\/v2\/posts\/1768\/revisions"}],"wp:attachment":[{"href":"https:\/\/www.esteri.it\/it\/wp-json\/wp\/v2\/media?parent=1768"}],"wp:term":[{"taxonomy":"category","embeddable":true,"href":"https:\/\/www.esteri.it\/it\/wp-json\/wp\/v2\/categories?post=1768"},{"taxonomy":"post_tag","embeddable":true,"href":"https:\/\/www.esteri.it\/it\/wp-json\/wp\/v2\/tags?post=1768"}],"curies":[{"name":"wp","href":"https:\/\/api.w.org\/{rel}","templated":true}]}}