{"id":1797,"date":"2020-08-31T09:21:11","date_gmt":"2020-08-31T07:21:11","guid":{"rendered":"https:\/\/www.esteri.it\/sala_stampa\/archivionotizie\/comunicati\/2020\/08\/nota-farnesina-bielorussia\/"},"modified":"2020-08-31T09:21:11","modified_gmt":"2020-08-31T07:21:11","slug":"nota-farnesina-bielorussia","status":"publish","type":"post","link":"https:\/\/www.esteri.it\/it\/sala_stampa\/archivionotizie\/comunicati\/2020\/08\/nota-farnesina-bielorussia\/","title":{"rendered":"NOTA FARNESINA &#8211; Bielorussia"},"content":{"rendered":"<p>Il Ministro Di Maio esprime condanna e preoccupazione per il ritiro dell&#8217;accreditamento e l&#8217;espulsione di numerosi giornalisti stranieri, testimoni delle manifestazioni in corso in Bielorussia in queste settimane. Il titolare della Farnesina ha aggiunto che &#8220;\u00e8 necessario ripristinare al pi\u00f9 presto il rispetto della libert\u00e0 di stampa e consentire a giornalisti indipendenti di continuare a seguire gli eventi in Bielorussia&#8221;.<\/p>\n","protected":false},"excerpt":{"rendered":"Il Ministro Di Maio esprime condanna e preoccupazione per il ritiro dell&#8217;accreditamento e l&#8217;espulsione di numerosi giornalisti stranieri, testimoni delle manifestazioni in corso in Bielorussia in queste settimane. Il titolare della Farnesina ha aggiunto che &#8220;\u00e8 necessario ripristinare al pi\u00f9 presto il rispetto della libert\u00e0 di stampa e consentire a giornalisti indipendenti di continuare a [&hellip;]","protected":false},"author":1,"featured_media":0,"comment_status":"","ping_status":"","sticky":false,"template":"","format":"standard","meta":{"footnotes":""},"categories":[1],"tags":[25],"class_list":["post-1797","post","type-post","status-publish","format-standard","hentry","category-comunicati","tag-farnesina"],"_links":{"self":[{"href":"https:\/\/www.esteri.it\/it\/wp-json\/wp\/v2\/posts\/1797","targetHints":{"allow":["GET"]}}],"collection":[{"href":"https:\/\/www.esteri.it\/it\/wp-json\/wp\/v2\/posts"}],"about":[{"href":"https:\/\/www.esteri.it\/it\/wp-json\/wp\/v2\/types\/post"}],"author":[{"embeddable":true,"href":"https:\/\/www.esteri.it\/it\/wp-json\/wp\/v2\/users\/1"}],"replies":[{"embeddable":true,"href":"https:\/\/www.esteri.it\/it\/wp-json\/wp\/v2\/comments?post=1797"}],"version-history":[{"count":0,"href":"https:\/\/www.esteri.it\/it\/wp-json\/wp\/v2\/posts\/1797\/revisions"}],"wp:attachment":[{"href":"https:\/\/www.esteri.it\/it\/wp-json\/wp\/v2\/media?parent=1797"}],"wp:term":[{"taxonomy":"category","embeddable":true,"href":"https:\/\/www.esteri.it\/it\/wp-json\/wp\/v2\/categories?post=1797"},{"taxonomy":"post_tag","embeddable":true,"href":"https:\/\/www.esteri.it\/it\/wp-json\/wp\/v2\/tags?post=1797"}],"curies":[{"name":"wp","href":"https:\/\/api.w.org\/{rel}","templated":true}]}}