{"id":1805,"date":"2020-08-25T20:11:54","date_gmt":"2020-08-25T18:11:54","guid":{"rendered":"https:\/\/www.esteri.it\/sala_stampa\/archivionotizie\/comunicati\/2020\/08\/nota-farnesina-navalny\/"},"modified":"2020-08-25T20:11:54","modified_gmt":"2020-08-25T18:11:54","slug":"nota-farnesina-navalny","status":"publish","type":"post","link":"https:\/\/www.esteri.it\/it\/sala_stampa\/archivionotizie\/comunicati\/2020\/08\/nota-farnesina-navalny\/","title":{"rendered":"NOTA FARNESINA &#8211; Navalny"},"content":{"rendered":"<p>L\u2019Italia esprime profonda preoccupazione per le conclusioni preliminari rese note oggi dagli esperti dell\u2019ospedale tedesco Charit\u00e9 sulle condizioni cliniche di Alexei Navalny che suggeriscono che l\u2019attivista russo possa essere stato vittima di avvelenamento. Sosteniamo con forza l\u2019esigenza che si faccia rapidamente\u00a0 piena luce su questi gravissimi accadimenti e, in linea con quanto gi\u00e0 richiesto in sede UE, auspichiamo che le autorit\u00e0 russe avviino al pi\u00f9 presto una indagine indipendente e trasparente con l\u2019obiettivo di assicurare i responsabili alla giustizia.<\/p>\n","protected":false},"excerpt":{"rendered":"L\u2019Italia esprime profonda preoccupazione per le conclusioni preliminari rese note oggi dagli esperti dell\u2019ospedale tedesco Charit\u00e9 sulle condizioni cliniche di Alexei Navalny che suggeriscono che l\u2019attivista russo possa essere stato vittima di avvelenamento. Sosteniamo con forza l\u2019esigenza che si faccia rapidamente\u00a0 piena luce su questi gravissimi accadimenti e, in linea con quanto gi\u00e0 richiesto in [&hellip;]","protected":false},"author":1,"featured_media":0,"comment_status":"","ping_status":"","sticky":false,"template":"","format":"standard","meta":{"footnotes":""},"categories":[1],"tags":[25],"class_list":["post-1805","post","type-post","status-publish","format-standard","hentry","category-comunicati","tag-farnesina"],"_links":{"self":[{"href":"https:\/\/www.esteri.it\/it\/wp-json\/wp\/v2\/posts\/1805","targetHints":{"allow":["GET"]}}],"collection":[{"href":"https:\/\/www.esteri.it\/it\/wp-json\/wp\/v2\/posts"}],"about":[{"href":"https:\/\/www.esteri.it\/it\/wp-json\/wp\/v2\/types\/post"}],"author":[{"embeddable":true,"href":"https:\/\/www.esteri.it\/it\/wp-json\/wp\/v2\/users\/1"}],"replies":[{"embeddable":true,"href":"https:\/\/www.esteri.it\/it\/wp-json\/wp\/v2\/comments?post=1805"}],"version-history":[{"count":0,"href":"https:\/\/www.esteri.it\/it\/wp-json\/wp\/v2\/posts\/1805\/revisions"}],"wp:attachment":[{"href":"https:\/\/www.esteri.it\/it\/wp-json\/wp\/v2\/media?parent=1805"}],"wp:term":[{"taxonomy":"category","embeddable":true,"href":"https:\/\/www.esteri.it\/it\/wp-json\/wp\/v2\/categories?post=1805"},{"taxonomy":"post_tag","embeddable":true,"href":"https:\/\/www.esteri.it\/it\/wp-json\/wp\/v2\/tags?post=1805"}],"curies":[{"name":"wp","href":"https:\/\/api.w.org\/{rel}","templated":true}]}}