{"id":18353,"date":"2012-11-30T10:39:45","date_gmt":"2012-11-30T09:39:45","guid":{"rendered":"https:\/\/www.esteri.it\/sala_stampa\/archivionotizie\/comunicati\/2012\/11\/20121130_onupalneg\/"},"modified":"2012-11-30T10:39:45","modified_gmt":"2012-11-30T09:39:45","slug":"20121130_onupalneg","status":"publish","type":"post","link":"https:\/\/www.esteri.it\/it\/sala_stampa\/archivionotizie\/approfondimenti\/2012\/11\/20121130_onupalneg\/","title":{"rendered":"MO: ONU; TERZI, ORA  PALESTINA TORNI A NEGOZIATO &#8211; Decisione Palazzo Chigi ponderata, Convinta amicizia con Israele"},"content":{"rendered":"<p><P>La &#8220;decisione ponderata&#8221; del governo italiano, il ritorno al negoziato, la &#8220;convinta amicizia&#8221; dell\u2019Italia con Israele, sono tra gli elementi essenziali delle risposte che il ministro Giulio Terzi ha dato alle domande dei giornalisti a margine della conferenza sulla violenza sessuale contro i minori svoltasi alla Farnesina , all\u2019indomani del &#8220;si&#8221; dell\u2019Onu alla Palestina come Stato osservatore.<\/P><br \/>\n<P><STRONG>Ora la ripresa dei negoziati<\/STRONG><\/P><br \/>\n<P>I palestinesi ora si &#8220;impegnino a risedersi al tavolo del negoziati&#8221; con Israele &#8220;senza precondizioni&#8221;, ha detto il ministro La vittoria palestinese all\u2019Onu, ha aggiunto Terzi &#8211; non deve essere sfruttata per &#8220;avviare procedimenti presso la Corte penale internazionale&#8221; contro Israele e ci deve essere &#8220;l&#8217;impegno a vedere nelle risoluzioni del Consiglio di sicurezza una chiave fondamentale per portare avanti il negoziato&#8221;.<\/P><br \/>\n<P>&#8220;<STRONG>Convinta amicizia&#8221; con Israele<\/STRONG><\/P><br \/>\n<P>Il ministro ha sottolineato, inoltre, che l\u2019Italia \u00e8 &#8220;fortemente convinta del suo rapporto di amicizia con Israele e con i palestinesi ed \u00e8 una priorit\u00e0 anche il rapporto con gli Stati Uniti&#8221;. L\u2019Italia \u2013 ha continuato il titolare della Farnesina \u2013 &#8220;sostiene il consolidamento del fondamento democratico dello Stato palestinese che si configura nell&#8217;autorit\u00e0 palestinese&#8221; e &#8220;non ci sono speculazioni di politica interna palestinese che si possano fare&#8221;. <\/P><br \/>\n<P>&#8220;<STRONG>Decisione ponderata&#8221;<\/STRONG><\/P><br \/>\n<P>Quanto al &#8220;si\u2019&#8221; dell\u2019Italia, secondo il ministro \u00e8 stata una &#8220;decisione sicuramente ponderata, la linea del governo italiano \u00e8 stata espressa dalla presidenza del consiglio ed \u00e8 stata ben chiarita ieri nel comunicato del presidente del Consiglio&#8221;.<\/P><\/p>\n","protected":false},"excerpt":{"rendered":"La &#8220;decisione ponderata&#8221; del governo italiano, il ritorno al negoziato, la &#8220;convinta amicizia&#8221; dell\u2019Italia con Israele, sono tra gli elementi essenziali delle risposte che il ministro Giulio Terzi ha dato alle domande dei giornalisti a margine della conferenza sulla violenza sessuale contro i minori svoltasi alla Farnesina , all\u2019indomani del &#8220;si&#8221; dell\u2019Onu alla Palestina come [&hellip;]","protected":false},"author":1,"featured_media":0,"comment_status":"","ping_status":"","sticky":false,"template":"","format":"standard","meta":{"footnotes":""},"categories":[2],"tags":[6,76,42],"class_list":["post-18353","post","type-post","status-publish","format-standard","hentry","category-approfondimenti","tag-mediterraneo-e-medio-oriente","tag-ministri-precedenti","tag-unione-europea"],"_links":{"self":[{"href":"https:\/\/www.esteri.it\/it\/wp-json\/wp\/v2\/posts\/18353","targetHints":{"allow":["GET"]}}],"collection":[{"href":"https:\/\/www.esteri.it\/it\/wp-json\/wp\/v2\/posts"}],"about":[{"href":"https:\/\/www.esteri.it\/it\/wp-json\/wp\/v2\/types\/post"}],"author":[{"embeddable":true,"href":"https:\/\/www.esteri.it\/it\/wp-json\/wp\/v2\/users\/1"}],"replies":[{"embeddable":true,"href":"https:\/\/www.esteri.it\/it\/wp-json\/wp\/v2\/comments?post=18353"}],"version-history":[{"count":0,"href":"https:\/\/www.esteri.it\/it\/wp-json\/wp\/v2\/posts\/18353\/revisions"}],"wp:attachment":[{"href":"https:\/\/www.esteri.it\/it\/wp-json\/wp\/v2\/media?parent=18353"}],"wp:term":[{"taxonomy":"category","embeddable":true,"href":"https:\/\/www.esteri.it\/it\/wp-json\/wp\/v2\/categories?post=18353"},{"taxonomy":"post_tag","embeddable":true,"href":"https:\/\/www.esteri.it\/it\/wp-json\/wp\/v2\/tags?post=18353"}],"curies":[{"name":"wp","href":"https:\/\/api.w.org\/{rel}","templated":true}]}}