{"id":185504,"date":"2026-04-27T18:43:46","date_gmt":"2026-04-27T16:43:46","guid":{"rendered":"https:\/\/www.esteri.it\/?p=185504"},"modified":"2026-04-27T18:44:54","modified_gmt":"2026-04-27T16:44:54","slug":"incontri-del-ministro-tajani-con-el-salvador-uruguay-e-venezuela","status":"publish","type":"post","link":"https:\/\/www.esteri.it\/it\/sala_stampa\/archivionotizie\/comunicati\/2026\/04\/incontri-del-ministro-tajani-con-el-salvador-uruguay-e-venezuela\/","title":{"rendered":"Incontri del Ministro Tajani con El Salvador, Uruguay e Venezuela"},"content":{"rendered":"<p>In occasione del Business Forum Italia\u2013America Latina di Prato, il Ministro degli Esteri Antonio Tajani ha incontrato oggi il Vice Presidente di El Salvador F\u00e9lix Ulloa, il Ministro degli Esteri dell\u2019Uruguay Mario Lubetkin e il Ministro del Commercio Estero del Venezuela Johann Alvarez Marquez.<\/p>\n<p>Gli incontri hanno confermato la centralit\u00e0 dell\u2019America Latina nella politica estera italiana, fondata su solidi legami storici, culturali ed economici e sulla presenza capillare di comunit\u00e0 di origine italiana nella regione. Il Forum ha evidenziato la vitalit\u00e0 di un partenariato economico gi\u00e0 rilevante \u2013 con un interscambio che nel 2025 ha raggiunto i 34 miliardi di euro \u2013 e le ampie prospettive di crescita, anche alla luce dell\u2019Accordo tra Unione europea e Mercosur.<\/p>\n<p>Nel corso dei colloqui, il Ministro Tajani ha esaminato i principali sviluppi regionali, con particolare attenzione alla situazione in Venezuela, ribadendo la disponibilit\u00e0 italiana a condividere competenze e buone pratiche, in particolare attraverso la Guardia di Finanza, per il contrasto alla criminalit\u00e0 organizzata.<\/p>\n<p>Sul piano bilaterale, con il Vicepresidente Ulloa \u00e8 stata sottolineata la fase positiva dei rapporti tra Italia ed El Salvador e il rafforzamento del dialogo politico. \u00c8 stato approfondito il contributo delle imprese italiane ai programmi di modernizzazione infrastrutturale del Paese, insieme al ruolo della Cooperazione Italiana, che individua El Salvador come partner prioritario in ambiti quali ambiente, agricoltura, istruzione, giustizia, sanit\u00e0, patrimonio culturale e sviluppo urbano.<\/p>\n<p>Nel colloquio con il Ministro Lubetkin \u00e8 stato confermato l\u2019eccellente stato delle relazioni bilaterali e la volont\u00e0 di rafforzare ulteriormente il partenariato strategico, anche attraverso i negoziati in corso su specifici accordi, tra cui quello nel settore del trasporto aereo.<\/p>\n<p>Con il Ministro venezuelano \u00c1lvarez M\u00e1rquez, Tajani \u00e8 tornato a incoraggiare la liberazione di tutti detenuti per motivi politici. Ha inoltre espresso l\u2019interesse a sviluppare ulteriormente l\u2019interscambio commerciale e a promuovere nuovi investimenti, in particolare nei settori infrastrutturale ed energetico.<\/p>\n","protected":false},"excerpt":{"rendered":"In occasione del Business Forum Italia\u2013America Latina di Prato, il Ministro degli Esteri Antonio Tajani ha incontrato oggi il Vice Presidente di El Salvador F\u00e9lix Ulloa, il Ministro degli Esteri dell\u2019Uruguay Mario Lubetkin e il Ministro del Commercio Estero del Venezuela Johann Alvarez Marquez. Gli incontri hanno confermato la centralit\u00e0 dell\u2019America Latina nella politica estera [&hellip;]","protected":false},"author":6,"featured_media":185508,"comment_status":"closed","ping_status":"closed","sticky":false,"template":"","format":"standard","meta":{"footnotes":""},"categories":[1],"tags":[398,3,28],"class_list":["post-185504","post","type-post","status-publish","format-standard","has-post-thumbnail","hentry","category-comunicati","tag-america-latina-e-caraibi","tag-diplomazia-economica","tag-ministro"],"_links":{"self":[{"href":"https:\/\/www.esteri.it\/it\/wp-json\/wp\/v2\/posts\/185504","targetHints":{"allow":["GET"]}}],"collection":[{"href":"https:\/\/www.esteri.it\/it\/wp-json\/wp\/v2\/posts"}],"about":[{"href":"https:\/\/www.esteri.it\/it\/wp-json\/wp\/v2\/types\/post"}],"author":[{"embeddable":true,"href":"https:\/\/www.esteri.it\/it\/wp-json\/wp\/v2\/users\/6"}],"replies":[{"embeddable":true,"href":"https:\/\/www.esteri.it\/it\/wp-json\/wp\/v2\/comments?post=185504"}],"version-history":[{"count":1,"href":"https:\/\/www.esteri.it\/it\/wp-json\/wp\/v2\/posts\/185504\/revisions"}],"predecessor-version":[{"id":185507,"href":"https:\/\/www.esteri.it\/it\/wp-json\/wp\/v2\/posts\/185504\/revisions\/185507"}],"wp:featuredmedia":[{"embeddable":true,"href":"https:\/\/www.esteri.it\/it\/wp-json\/wp\/v2\/media\/185508"}],"wp:attachment":[{"href":"https:\/\/www.esteri.it\/it\/wp-json\/wp\/v2\/media?parent=185504"}],"wp:term":[{"taxonomy":"category","embeddable":true,"href":"https:\/\/www.esteri.it\/it\/wp-json\/wp\/v2\/categories?post=185504"},{"taxonomy":"post_tag","embeddable":true,"href":"https:\/\/www.esteri.it\/it\/wp-json\/wp\/v2\/tags?post=185504"}],"curies":[{"name":"wp","href":"https:\/\/api.w.org\/{rel}","templated":true}]}}