{"id":185539,"date":"2026-04-28T11:16:42","date_gmt":"2026-04-28T09:16:42","guid":{"rendered":"https:\/\/www.esteri.it\/?p=185539"},"modified":"2026-04-28T11:16:42","modified_gmt":"2026-04-28T09:16:42","slug":"il-laboratorio-della-crescita-a-torino-in-occasione-di-obiettivo-export-imprese-e-territori-del-nord-italia","status":"publish","type":"post","link":"https:\/\/www.esteri.it\/it\/sala_stampa\/archivionotizie\/comunicati\/2026\/04\/il-laboratorio-della-crescita-a-torino-in-occasione-di-obiettivo-export-imprese-e-territori-del-nord-italia\/","title":{"rendered":"Il Laboratorio della Crescita a Torino in occasione di \u201cObiettivo Export: Imprese e Territori del Nord Italia\u201d"},"content":{"rendered":"<p>L\u2019iniziativa fa seguito al progetto di <em>Laboratorio Farnesina,<\/em> un roadshow che ha attraversato l\u2019Italia per offrire ai territori l\u2019opportunit\u00e0 di una proiezione internazionale avviato nel 2023 e gi\u00e0 approdato in undici citt\u00e0 italiane, a partire proprio da Torino.<\/p>\n<p>Nell\u2019ottica della valorizzazione del ruolo della cultura e delle eccellenze italiane nell\u2019attivit\u00e0 della Diplomazia della Crescita del MAECI, il progetto prosegue come <em>Laboratorio della Crescita<\/em>, accompagnandosi per la prima volta a \u201cObiettivo Export: Imprese e Territori del Nord Italia verso la Conferenza Nazionale dell&#8217;Export 2026\u201d a Torino il 29 aprile, il primo delle tre tappe di avvicinamento alla Conferenza Nazionale dell&#8217;Export 2026 che saranno dedicate nel corso dell\u2019anno ai territori e alle imprese del Nord, del Centro e del Sud Italia.<\/p>\n<p>L\u2019iniziativa di <em>Laboratorio della Crescita<\/em>, realizzata in partnership con 24ORE Cultura, ha l\u2019obiettivo di attivare un dialogo con gli operatori del mondo della cultura, delle industrie creative e del Made in Italy, per illustrare le azioni del MAECI di promozione dell\u2019Italia all\u2019estero e immaginare assieme nuovi spunti di progettualit\u00e0 da valorizzare presso la rete delle Ambasciate, dei Consolati e degli Istituti Italiani di Cultura nel mondo.<\/p>\n<p>La tappa di Torino si aprir\u00e0 con la presentazione degli strumenti di promozione dell\u2019Italia all\u2019estero del MAECI per poi proseguire con incontri one-to-one dedicati ai partecipanti. In questi momenti di dialogo i funzionari della promozione culturale del Ministero si confronteranno con le realt\u00e0 e gli operatori dei settori culturali, delle industrie creative e delle istituzioni rappresentanti l\u2019eccellenza del Made in Italy del nostro paese, con l\u2019obiettivo di sviluppare percorsi di internazionalizzazione da promuovere attraverso la rete di rappresentanza istituzionale nel mondo.<\/p>\n<p><em>Laboratorio della Crescita<\/em> si pone cos\u00ec come strumento operativo dell\u2019attivit\u00e0 di Diplomazia della Crescita del MAECI, in cui cultura e impresa sono parte di uno stesso racconto del Paese, rappresentando una significativa occasione di confronto e di valorizzazione delle eccellenze culturali e del tessuto del Made in Italy dei territori.<\/p>\n<p>&nbsp;<\/p>\n","protected":false},"excerpt":{"rendered":"L\u2019iniziativa fa seguito al progetto di Laboratorio Farnesina, un roadshow che ha attraversato l\u2019Italia per offrire ai territori l\u2019opportunit\u00e0 di una proiezione internazionale avviato nel 2023 e gi\u00e0 approdato in undici citt\u00e0 italiane, a partire proprio da Torino. Nell\u2019ottica della valorizzazione del ruolo della cultura e delle eccellenze italiane nell\u2019attivit\u00e0 della Diplomazia della Crescita del [&hellip;]","protected":false},"author":34,"featured_media":185542,"comment_status":"closed","ping_status":"closed","sticky":false,"template":"","format":"standard","meta":{"footnotes":""},"categories":[1],"tags":[3,9,25],"class_list":["post-185539","post","type-post","status-publish","format-standard","has-post-thumbnail","hentry","category-comunicati","tag-diplomazia-economica","tag-europa","tag-farnesina"],"_links":{"self":[{"href":"https:\/\/www.esteri.it\/it\/wp-json\/wp\/v2\/posts\/185539","targetHints":{"allow":["GET"]}}],"collection":[{"href":"https:\/\/www.esteri.it\/it\/wp-json\/wp\/v2\/posts"}],"about":[{"href":"https:\/\/www.esteri.it\/it\/wp-json\/wp\/v2\/types\/post"}],"author":[{"embeddable":true,"href":"https:\/\/www.esteri.it\/it\/wp-json\/wp\/v2\/users\/34"}],"replies":[{"embeddable":true,"href":"https:\/\/www.esteri.it\/it\/wp-json\/wp\/v2\/comments?post=185539"}],"version-history":[{"count":1,"href":"https:\/\/www.esteri.it\/it\/wp-json\/wp\/v2\/posts\/185539\/revisions"}],"predecessor-version":[{"id":185544,"href":"https:\/\/www.esteri.it\/it\/wp-json\/wp\/v2\/posts\/185539\/revisions\/185544"}],"wp:featuredmedia":[{"embeddable":true,"href":"https:\/\/www.esteri.it\/it\/wp-json\/wp\/v2\/media\/185542"}],"wp:attachment":[{"href":"https:\/\/www.esteri.it\/it\/wp-json\/wp\/v2\/media?parent=185539"}],"wp:term":[{"taxonomy":"category","embeddable":true,"href":"https:\/\/www.esteri.it\/it\/wp-json\/wp\/v2\/categories?post=185539"},{"taxonomy":"post_tag","embeddable":true,"href":"https:\/\/www.esteri.it\/it\/wp-json\/wp\/v2\/tags?post=185539"}],"curies":[{"name":"wp","href":"https:\/\/api.w.org\/{rel}","templated":true}]}}