{"id":185565,"date":"2026-04-28T11:45:55","date_gmt":"2026-04-28T09:45:55","guid":{"rendered":"https:\/\/www.esteri.it\/?p=185565"},"modified":"2026-04-28T11:45:55","modified_gmt":"2026-04-28T09:45:55","slug":"nota-informativa-partecipazione-del-ministro-tajani-alla-ministeriale-corridoio-viii-nessebar-bulgaria-8-maggio-2026","status":"publish","type":"post","link":"https:\/\/www.esteri.it\/it\/sala_stampa\/archivionotizie\/notestampa\/2026\/04\/nota-informativa-partecipazione-del-ministro-tajani-alla-ministeriale-corridoio-viii-nessebar-bulgaria-8-maggio-2026\/","title":{"rendered":"NOTA INFORMATIVA &#8211; Partecipazione del Ministro Tajani alla Ministeriale Corridoio VIII (Nessebar, Bulgaria 8 maggio 2026)"},"content":{"rendered":"<p style=\"text-align: center;\"><strong>NOTA INFORMATIVA<\/strong><\/p>\n<p style=\"text-align: center;\"><strong>Partecipazione del Ministro Tajani alla Ministeriale Corridoio VIII<\/strong><\/p>\n<p style=\"text-align: center;\"><strong>(Nessebar, Bulgaria 8 maggio 2026)<\/strong><\/p>\n<p>&nbsp;<\/p>\n<p>Venerd\u00ec 8 maggio 2026, il Ministro degli Affari Esteri e della Cooperazione Internazionale, <strong>Antonio Tajani<\/strong>, prender\u00e0 parte alla Ministeriale Corridoio VIII che si terr\u00e0 il 7 e l\u20198 maggio 2026 a Nesserbar (Bulgaria).<\/p>\n<p>I rappresentanti degli organi di stampa interessati a seguire la Ministeriale dovranno presentare richiesta di accreditamento \u2013 <strong>entro e non oltre luned\u00ec 4 maggio prossimo<\/strong> \u2013 <u>via e-mail<\/u> al Ministero degli Affari Esteri bulgaro, all\u2019indirizzo <a href=\"mailto:info@mfa.bg\">info@mfa.bg<\/a> allegando la seguente documentazione:<\/p>\n<ol>\n<li>Lettera del direttore della testata giornalistica che includa: nome completo, il ruolo, numero di telefono, indirizzo e-mail, numero del documento d\u2019identit\u00e0;<\/li>\n<li>Foto formato tessera per passaporto;<\/li>\n<li>Copia di un documento d\u2019identit\u00e0 valido (passaporto o carta d\u2019identit\u00e0 per cittadini dell\u2019U.E.);<\/li>\n<li>Curriculum vitae.<\/li>\n<\/ol>\n<p>Gli organizzatori sottolineano l\u2019importanza di rispettare la scadenza prevista, trascorsa la quale non saranno pi\u00f9 accettate richieste di accreditamento.<\/p>\n<p>L\u2019accettazione della richiesta arriver\u00e0 via mail.<\/p>\n<p>I badge potranno essere ritirati di fronte alla Conference Hall dell\u2019Helena Park Hotel, Sunny Beach.<\/p>\n<p>Si suggerisce alla stampa italiana che presenta richiesta di accreditamento per la Ministeriale Corridoio VIII tramite il Ministero degli Affari Esteri di Bulgaria di segnalarlo contestualmente via e-mail all\u2019indirizzo <a href=\"mailto:accreditamentostampa@esteri.it\">accreditamentostampa@esteri.it<\/a>.<\/p>\n<p>&nbsp;<\/p>\n<p>Per ulteriori informazioni:<\/p>\n<p><strong>Comunicazione strategica e Direzione della Diplomazia Pubblica<\/strong><\/p>\n<p>Tel. +359 2 948 2218<\/p>\n<p>E-mail <a href=\"mailto:info@mfa.bg\">info@mfa.bg<\/a><\/p>\n","protected":false},"excerpt":{"rendered":"NOTA INFORMATIVA Partecipazione del Ministro Tajani alla Ministeriale Corridoio VIII (Nessebar, Bulgaria 8 maggio 2026) &nbsp; Venerd\u00ec 8 maggio 2026, il Ministro degli Affari Esteri e della Cooperazione Internazionale, Antonio Tajani, prender\u00e0 parte alla Ministeriale Corridoio VIII che si terr\u00e0 il 7 e l\u20198 maggio 2026 a Nesserbar (Bulgaria). I rappresentanti degli organi di stampa [&hellip;]","protected":false},"author":34,"featured_media":0,"comment_status":"closed","ping_status":"closed","sticky":false,"template":"","format":"standard","meta":{"footnotes":""},"categories":[24],"tags":[],"class_list":["post-185565","post","type-post","status-publish","format-standard","hentry","category-notestampa"],"_links":{"self":[{"href":"https:\/\/www.esteri.it\/it\/wp-json\/wp\/v2\/posts\/185565","targetHints":{"allow":["GET"]}}],"collection":[{"href":"https:\/\/www.esteri.it\/it\/wp-json\/wp\/v2\/posts"}],"about":[{"href":"https:\/\/www.esteri.it\/it\/wp-json\/wp\/v2\/types\/post"}],"author":[{"embeddable":true,"href":"https:\/\/www.esteri.it\/it\/wp-json\/wp\/v2\/users\/34"}],"replies":[{"embeddable":true,"href":"https:\/\/www.esteri.it\/it\/wp-json\/wp\/v2\/comments?post=185565"}],"version-history":[{"count":1,"href":"https:\/\/www.esteri.it\/it\/wp-json\/wp\/v2\/posts\/185565\/revisions"}],"predecessor-version":[{"id":185566,"href":"https:\/\/www.esteri.it\/it\/wp-json\/wp\/v2\/posts\/185565\/revisions\/185566"}],"wp:attachment":[{"href":"https:\/\/www.esteri.it\/it\/wp-json\/wp\/v2\/media?parent=185565"}],"wp:term":[{"taxonomy":"category","embeddable":true,"href":"https:\/\/www.esteri.it\/it\/wp-json\/wp\/v2\/categories?post=185565"},{"taxonomy":"post_tag","embeddable":true,"href":"https:\/\/www.esteri.it\/it\/wp-json\/wp\/v2\/tags?post=185565"}],"curies":[{"name":"wp","href":"https:\/\/api.w.org\/{rel}","templated":true}]}}