{"id":185685,"date":"2026-04-29T09:01:53","date_gmt":"2026-04-29T07:01:53","guid":{"rendered":"https:\/\/www.esteri.it\/?p=185685"},"modified":"2026-04-29T11:59:02","modified_gmt":"2026-04-29T09:59:02","slug":"al-via-a-torino-la-prima-tappa-di-obiettivo-export","status":"publish","type":"post","link":"https:\/\/www.esteri.it\/it\/sala_stampa\/archivionotizie\/comunicati\/2026\/04\/al-via-a-torino-la-prima-tappa-di-obiettivo-export\/","title":{"rendered":"Al via a Torino la prima tappa di \u201cObiettivo export\u201d"},"content":{"rendered":"<p>Il Ministro degli Esteri Antonio Tajani aprir\u00e0 oggi a Torino alle ore 11 \u201cObiettivo Export: Imprese e territori del Nord Italia\u201d, prima tappa di un ciclo di incontri volto a sostenere l\u2019internazionalizzazione del sistema produttivo italiano.<\/p>\n<p>&nbsp;<\/p>\n<p style=\"text-align: center;\"><iframe loading=\"lazy\" title=\"YouTube video player\" src=\"https:\/\/www.youtube-nocookie.com\/embed\/9LML4DffLrE?si=tA_CAymBUgm34LXm\" width=\"560\" height=\"315\" frameborder=\"0\" allowfullscreen=\"allowfullscreen\"><\/iframe><\/p>\n<p>&nbsp;<\/p>\n<p>Sono previsti pi\u00f9 di 700 partecipanti e circa 600 incontri tra le imprese e i Capi degli Uffici Commerciali di alcune nostre Ambasciate (in Francia, Germania, Spagna, Regno Unito, Polonia, Cina, Turchia, Giappone, Canada ed Etiopia), i Direttori di alcuni degli Uffici ICE (New York, San Paolo, New Delhi, Dubai e Riad) ed esperti di SACE, SIMEST, CDP. Seguiranno i lavori della Conferenza in videocollegamento 126 Ambasciatori.<\/p>\n<p>Per tutta la durata dell\u2019evento, presso il punto informativo del Ministero, le imprese partecipanti potranno chiedere di fissare incontri in presenza o con i nostri Ambasciatori in videocollegamento nei giorni successivi alla Conferenza.<\/p>\n<p>Promosso dalla Farnesina con il supporto della Regione Piemonte, l\u2019evento si apre con i saluti istituzionali del Presidente Alberto Cirio, seguiti dall\u2019intervento del Ministro Tajani e da sessioni dedicate agli strumenti di sostegno all\u2019export e al ruolo dei territori nello sviluppo dei mercati internazionali, in collaborazione con le principali associazioni di categoria.<\/p>\n<p>In un contesto internazionale segnato da crescente incertezza geopolitica, rapida innovazione e trasformazioni delle catene globali del valore, il confronto si concentrer\u00e0 sulle strategie necessarie a sostenere un sistema produttivo fortemente orientato ai mercati esteri, come quello del Nord Italia. In questa prospettiva, la diversificazione dei mercati di sbocco, la sicurezza delle forniture, nonch\u00e9 la qualit\u00e0 e competitivit\u00e0 dei prodotti emergono come fattori determinanti per la crescita e la resilienza dell\u2019export. Particolare attenzione \u00e8 inoltre dedicata al rafforzamento delle filiere industriali ad alta intensit\u00e0 tecnologica, leva strategica per consolidare il posizionamento dell\u2019Italia nelle catene globali del valore, con un focus specifico sulla leadership nazionale nel settore spaziale e sul potenziale di sviluppo internazionale dell\u2019ecosistema della cybersicurezza.<\/p>\n<p>In occasione della visita a Torino, il Ministro Tajani parteciper\u00e0 anche all\u2019inaugurazione del nuovo ufficio SIMEST, concepito come punto di riferimento per le imprese del Nord-Ovest impegnate nei processi di internazionalizzazione.<\/p>\n","protected":false},"excerpt":{"rendered":"Il Ministro degli Esteri Antonio Tajani aprir\u00e0 oggi a Torino alle ore 11 \u201cObiettivo Export: Imprese e territori del Nord Italia\u201d, prima tappa di un ciclo di incontri volto a sostenere l\u2019internazionalizzazione del sistema produttivo italiano. &nbsp; &nbsp; Sono previsti pi\u00f9 di 700 partecipanti e circa 600 incontri tra le imprese e i Capi degli [&hellip;]","protected":false},"author":34,"featured_media":185707,"comment_status":"closed","ping_status":"closed","sticky":false,"template":"","format":"standard","meta":{"footnotes":""},"categories":[1],"tags":[3,9,28],"class_list":["post-185685","post","type-post","status-publish","format-standard","has-post-thumbnail","hentry","category-comunicati","tag-diplomazia-economica","tag-europa","tag-ministro"],"_links":{"self":[{"href":"https:\/\/www.esteri.it\/it\/wp-json\/wp\/v2\/posts\/185685","targetHints":{"allow":["GET"]}}],"collection":[{"href":"https:\/\/www.esteri.it\/it\/wp-json\/wp\/v2\/posts"}],"about":[{"href":"https:\/\/www.esteri.it\/it\/wp-json\/wp\/v2\/types\/post"}],"author":[{"embeddable":true,"href":"https:\/\/www.esteri.it\/it\/wp-json\/wp\/v2\/users\/34"}],"replies":[{"embeddable":true,"href":"https:\/\/www.esteri.it\/it\/wp-json\/wp\/v2\/comments?post=185685"}],"version-history":[{"count":2,"href":"https:\/\/www.esteri.it\/it\/wp-json\/wp\/v2\/posts\/185685\/revisions"}],"predecessor-version":[{"id":185695,"href":"https:\/\/www.esteri.it\/it\/wp-json\/wp\/v2\/posts\/185685\/revisions\/185695"}],"wp:featuredmedia":[{"embeddable":true,"href":"https:\/\/www.esteri.it\/it\/wp-json\/wp\/v2\/media\/185707"}],"wp:attachment":[{"href":"https:\/\/www.esteri.it\/it\/wp-json\/wp\/v2\/media?parent=185685"}],"wp:term":[{"taxonomy":"category","embeddable":true,"href":"https:\/\/www.esteri.it\/it\/wp-json\/wp\/v2\/categories?post=185685"},{"taxonomy":"post_tag","embeddable":true,"href":"https:\/\/www.esteri.it\/it\/wp-json\/wp\/v2\/tags?post=185685"}],"curies":[{"name":"wp","href":"https:\/\/api.w.org\/{rel}","templated":true}]}}