{"id":1859,"date":"2020-08-07T10:56:46","date_gmt":"2020-08-07T08:56:46","guid":{"rendered":"https:\/\/www.esteri.it\/sala_stampa\/archivionotizie\/comunicati\/2020\/08\/colloquio-tra-la-vice-ministra-emanuela-del-re-e-il-ministro-degli-esteri-di-capo-verde-luis-filipe-tavares\/"},"modified":"2020-08-07T10:56:46","modified_gmt":"2020-08-07T08:56:46","slug":"colloquio-tra-la-vice-ministra-emanuela-del-re-e-il-ministro-degli-esteri-di-capo-verde-luis-filipe-tavares","status":"publish","type":"post","link":"https:\/\/www.esteri.it\/it\/sala_stampa\/archivionotizie\/comunicati\/2020\/08\/colloquio-tra-la-vice-ministra-emanuela-del-re-e-il-ministro-degli-esteri-di-capo-verde-luis-filipe-tavares\/","title":{"rendered":"Colloquio tra la Vice Ministra Emanuela Del Re e il Ministro degli Esteri di Capo Verde, Luis Filipe Tavares"},"content":{"rendered":"<div>La Vice Ministra Emanuela Del Re ha avuto ieri un colloquio con il Ministro degli Esteri di Capo Verde, Luis Filipe Tavares. Al centro della conversazione \u2013 oltre alle relazioni bilaterali e alla cooperazione tra i due Paesi \u2013 gli aggiornamenti relativi al decesso del connazionale David Solazzo.<\/div>\n<div>\u00a0<\/div>\n<div>I due interlocutori hanno espresso soddisfazione per l\u2019ottimo livello delle relazioni bilaterali, contraddistinte da una lunga e fruttuosa amicizia e da una stretta cooperazione in svariati settori quali la sanit\u00e0, l\u2019agroalimentare, l\u2019ambito fiscale e quello giudiziario.\u00a0<\/div>\n<div>\u00a0<\/div>\n<div>Proprio nello spirito di tale proficua collaborazione la Vice Ministra ha rappresentato al Ministro Tavares l\u2019importanza che l\u2019Italia annette al caso di David Solazzo, rinvenuto senza vita lo scorso anno a Capo Verde. \u201cRiteniamo che sia un nostro dovere morale giungere alla verit\u00e0 su quanto accaduto a David quanto pi\u00f9 rapidamente possibile. Per l\u2019Italia, fare luce sulle cause della sua scomparsa \u00e8 una priorit\u00e0. In tal senso, la cooperazione tra le Autorit\u00e0 giudiziarie di Roma e Praia \u00e8 fondamentale, ed \u00e8 necessario che le interlocuzioni avvengano prontamente e senza ritardi.\u201d<\/div>\n<div>\u00a0<\/div>\n<div>Il Ministro Tavares ha dichiarato di essere a conoscenza della questione ed ha assicurato alla Vice Ministra il suo personale impegno sul caso del giovane cooperante italiano.<\/div>\n","protected":false},"excerpt":{"rendered":"La Vice Ministra Emanuela Del Re ha avuto ieri un colloquio con il Ministro degli Esteri di Capo Verde, Luis Filipe Tavares. Al centro della conversazione \u2013 oltre alle relazioni bilaterali e alla cooperazione tra i due Paesi \u2013 gli aggiornamenti relativi al decesso del connazionale David Solazzo. \u00a0 I due interlocutori hanno espresso soddisfazione [&hellip;]","protected":false},"author":1,"featured_media":0,"comment_status":"","ping_status":"","sticky":false,"template":"","format":"standard","meta":{"footnotes":""},"categories":[1],"tags":[31,399],"class_list":["post-1859","post","type-post","status-publish","format-standard","hentry","category-comunicati","tag-africa","tag-vice-ministri-e-sottosegretari-precedenti"],"_links":{"self":[{"href":"https:\/\/www.esteri.it\/it\/wp-json\/wp\/v2\/posts\/1859","targetHints":{"allow":["GET"]}}],"collection":[{"href":"https:\/\/www.esteri.it\/it\/wp-json\/wp\/v2\/posts"}],"about":[{"href":"https:\/\/www.esteri.it\/it\/wp-json\/wp\/v2\/types\/post"}],"author":[{"embeddable":true,"href":"https:\/\/www.esteri.it\/it\/wp-json\/wp\/v2\/users\/1"}],"replies":[{"embeddable":true,"href":"https:\/\/www.esteri.it\/it\/wp-json\/wp\/v2\/comments?post=1859"}],"version-history":[{"count":0,"href":"https:\/\/www.esteri.it\/it\/wp-json\/wp\/v2\/posts\/1859\/revisions"}],"wp:attachment":[{"href":"https:\/\/www.esteri.it\/it\/wp-json\/wp\/v2\/media?parent=1859"}],"wp:term":[{"taxonomy":"category","embeddable":true,"href":"https:\/\/www.esteri.it\/it\/wp-json\/wp\/v2\/categories?post=1859"},{"taxonomy":"post_tag","embeddable":true,"href":"https:\/\/www.esteri.it\/it\/wp-json\/wp\/v2\/tags?post=1859"}],"curies":[{"name":"wp","href":"https:\/\/api.w.org\/{rel}","templated":true}]}}