{"id":185920,"date":"2026-04-30T11:45:34","date_gmt":"2026-04-30T09:45:34","guid":{"rendered":"https:\/\/www.esteri.it\/?p=185920"},"modified":"2026-04-30T11:45:34","modified_gmt":"2026-04-30T09:45:34","slug":"buenos-aires-iv-edizione-della-maratana","status":"publish","type":"post","link":"https:\/\/www.esteri.it\/it\/sala_stampa\/archivionotizie\/retediplomatica\/2026\/04\/buenos-aires-iv-edizione-della-maratana\/","title":{"rendered":"Buenos Aires, IV edizione della \u201cMaraTANA\u201d"},"content":{"rendered":"<p>Il 26 aprile 2026 si \u00e8 tenuta, tra Puerto Madero e Costanera Sur, la IV edizione della \u201cMaraTANA, la corsa italiana a Buenos Aires\u201d, una dimostrazione dell\u2019amicizia italo-argentina e del valore dello sport. L\u2019evento, presentato dal Consolato Generale d\u2019Italia a Buenos Aires, \u00e8 dedicato alla pi\u00f9 grande comunit\u00e0 italiana all\u2019estero e simboleggia l\u2019incontro e la condivisione delle radici e dei legami unici tra le due comunit\u00e0.<\/p>\n<p>L\u2019evento \u00e8 stato organizzato con il partner tecnico \u201cClub de Corredores\u201d, con il patrocinio del Governo della Citt\u00e0, della delegazione del CONI e del Com.It.Es. Circa 4.000 partecipanti si sono riuniti quest\u2019anno nel vibrante quartiere di Puerto Madero, sul lungofiume della capitale, con la partenza da \u201cAvenida de los Italianos\u201d, nei cui pressi \u00e8 stato allestito un apposito \u201cSpazio Italia\u201d.<\/p>\n<p>MaraTANA celebra identit\u00e0, cultura, diplomazia dello sport e stile di vita italiani, riunendo la comunit\u00e0 italo-argentina a Buenos Aires e promuovendo la solidariet\u00e0; parte del ricavato andr\u00e0 alla Comunit\u00e0 di Sant\u2019Egidio, impegnata in attivit\u00e0 per le persone in condizioni di fragilit\u00e0 nella capitale.<\/p>\n","protected":false},"excerpt":{"rendered":"Il 26 aprile 2026 si \u00e8 tenuta, tra Puerto Madero e Costanera Sur, la IV edizione della \u201cMaraTANA, la corsa italiana a Buenos Aires\u201d, una dimostrazione dell\u2019amicizia italo-argentina e del valore dello sport. L\u2019evento, presentato dal Consolato Generale d\u2019Italia a Buenos Aires, \u00e8 dedicato alla pi\u00f9 grande comunit\u00e0 italiana all\u2019estero e simboleggia l\u2019incontro e la [&hellip;]","protected":false},"author":34,"featured_media":185927,"comment_status":"closed","ping_status":"closed","sticky":false,"template":"","format":"standard","meta":{"footnotes":""},"categories":[20],"tags":[398,408],"class_list":["post-185920","post","type-post","status-publish","format-standard","has-post-thumbnail","hentry","category-retediplomatica","tag-america-latina-e-caraibi","tag-diplomazia-dello-sport"],"_links":{"self":[{"href":"https:\/\/www.esteri.it\/it\/wp-json\/wp\/v2\/posts\/185920","targetHints":{"allow":["GET"]}}],"collection":[{"href":"https:\/\/www.esteri.it\/it\/wp-json\/wp\/v2\/posts"}],"about":[{"href":"https:\/\/www.esteri.it\/it\/wp-json\/wp\/v2\/types\/post"}],"author":[{"embeddable":true,"href":"https:\/\/www.esteri.it\/it\/wp-json\/wp\/v2\/users\/34"}],"replies":[{"embeddable":true,"href":"https:\/\/www.esteri.it\/it\/wp-json\/wp\/v2\/comments?post=185920"}],"version-history":[{"count":1,"href":"https:\/\/www.esteri.it\/it\/wp-json\/wp\/v2\/posts\/185920\/revisions"}],"predecessor-version":[{"id":185931,"href":"https:\/\/www.esteri.it\/it\/wp-json\/wp\/v2\/posts\/185920\/revisions\/185931"}],"wp:featuredmedia":[{"embeddable":true,"href":"https:\/\/www.esteri.it\/it\/wp-json\/wp\/v2\/media\/185927"}],"wp:attachment":[{"href":"https:\/\/www.esteri.it\/it\/wp-json\/wp\/v2\/media?parent=185920"}],"wp:term":[{"taxonomy":"category","embeddable":true,"href":"https:\/\/www.esteri.it\/it\/wp-json\/wp\/v2\/categories?post=185920"},{"taxonomy":"post_tag","embeddable":true,"href":"https:\/\/www.esteri.it\/it\/wp-json\/wp\/v2\/tags?post=185920"}],"curies":[{"name":"wp","href":"https:\/\/api.w.org\/{rel}","templated":true}]}}