{"id":19497,"date":"2012-06-26T13:44:02","date_gmt":"2012-06-26T11:44:02","guid":{"rendered":"https:\/\/www.esteri.it\/sala_stampa\/archivionotizie\/comunicati\/2012\/06\/20120626_sanzuenat\/"},"modified":"2012-06-26T13:44:02","modified_gmt":"2012-06-26T11:44:02","slug":"20120626_sanzuenat","status":"publish","type":"post","link":"https:\/\/www.esteri.it\/it\/sala_stampa\/archivionotizie\/approfondimenti\/2012\/06\/20120626_sanzuenat\/","title":{"rendered":"Siria: nuove sanzioni Ue &#8211; Nato condanna abbattimento aereo turco"},"content":{"rendered":"<p><P>Si rinnova la pressione internazionale sulla Siria. L\u2019Unione europea, in occasione del Consiglio Affari Esteri del 25 giugno a Lussemburgo, ha approvato un nuovo pacchetto di sanzioni contro il regime di Damasco ed ha condannato l\u2019abbattimento di un aereo militare turco da parte della contraerea siriana. Analoga condanna \u00e8 stata espressa dalla Nato, nel corso di una riunione straordinaria del Consiglio convocata a Bruxelles su richiesta di Ankara, sulla base dell&#8217;articolo quattro del Trattato atlantico che prevede consultazioni nel caso di minacce all&#8217;integrit\u00e0 territoriale di un membro.<\/P><br \/>\n<P><STRONG>Le misure restrittive<\/STRONG><\/P><br \/>\n<P>Il nuovo pacchetto di misure restrittive approvata dall\u2019Ue prevede il divieto per le compagnie di assicurazione di coprire le consegne di armi o di equipaggiamento non letale ma che pu\u00f2 essere usato a fini repressivi, al regime di Damasco. Nella lista dei soggetti per i quali \u00e8 previsto il congelamento dei beni ed il blocco dei visti sono state aggiunte un\u2019altra persona e cinque societ\u00e0. Il pacchetto prevede anche una deroga al congelamento degli asset per favorire le transazioni, collegate ad attivit\u00e0 di studenti, ricercatori e attivit\u00e0 accademiche, come ad esempio l&#8217;erogazione di una borsa di studio.<\/P><br \/>\n<P><STRONG>Abbattimento aereo atto inaccettabile<\/STRONG><\/P><br \/>\n<P>Allo stesso tempo, l\u2019Ue ha condannato &#8220;l&#8217;inaccettabile abbattimento da parte della Siria di un aereo militare turco&#8221;, chiedendo a Damasco di cooperare pienamente con la Turchia concedendo &#8220;pieno accesso per un&#8217;indagine immediata&#8221; e perch\u00e9 consenta alla comunit\u00e0 internazionale di dare il proprio sostegno a questi sforzi.<\/P><br \/>\n<P>Di &#8220;atto inaccettabile&#8221; ha parlato anche il Consiglio atlantico della Nato, che ha &#8220;condannato nel modo pi\u00f9 forte&#8221; l\u2019abbattimento dell\u2019aereo ed ha espresso solidariet\u00e0 alla Turchia, ha spiegato il Segretario generale Anders Fogh Rasmussen, il quale ha aggiunto: &#8220;Certamente mi aspetto che un incidente come questo non si ripeta&#8221;. Rasmussen ha quindi spiegato che la Nato continuer\u00e0 a monitorare &#8220;con grande preoccupazione&#8221; la situazione tra Turchia e Siria e si &#8220;terr\u00e0 continuamente aggiornata&#8221;, puntualizzando che &#8220;la sicurezza della Nato \u00e8 indivisibile&#8221;.<\/P><br \/>\n<P><STRONG>L\u2019Italia ribadisce pieno appoggio a Piano Annan<\/STRONG><\/P><br \/>\n<P>Da parte italiana il rappresentante permanente presso la Nato Riccardo Sessa, nel suo intervento, ha espresso &#8220;piena solidariet\u00e0&#8221; alla Turchia ed ha &#8220;auspicato&#8221; che &#8220;la solidariet\u00e0 e l&#8217;unit\u00e0 mostrata oggi dall&#8217;Alleanza possa innescare dinamiche nuove che, grazie al coinvolgimento degli altri importanti attori internazionali, inducano Damasco a evitare di ripetere comportamenti inaccettabili&#8221;. Nel corso della riunione, l&#8217;Italia ha inoltre ribadito il pieno appoggio al piano di Kofi Annan.<\/P><\/p>\n","protected":false},"excerpt":{"rendered":"Si rinnova la pressione internazionale sulla Siria. L\u2019Unione europea, in occasione del Consiglio Affari Esteri del 25 giugno a Lussemburgo, ha approvato un nuovo pacchetto di sanzioni contro il regime di Damasco ed ha condannato l\u2019abbattimento di un aereo militare turco da parte della contraerea siriana. Analoga condanna \u00e8 stata espressa dalla Nato, nel corso [&hellip;]","protected":false},"author":1,"featured_media":0,"comment_status":"","ping_status":"","sticky":false,"template":"","format":"standard","meta":{"footnotes":""},"categories":[2],"tags":[6,76,39,42],"class_list":["post-19497","post","type-post","status-publish","format-standard","hentry","category-approfondimenti","tag-mediterraneo-e-medio-oriente","tag-ministri-precedenti","tag-nato","tag-unione-europea"],"_links":{"self":[{"href":"https:\/\/www.esteri.it\/it\/wp-json\/wp\/v2\/posts\/19497","targetHints":{"allow":["GET"]}}],"collection":[{"href":"https:\/\/www.esteri.it\/it\/wp-json\/wp\/v2\/posts"}],"about":[{"href":"https:\/\/www.esteri.it\/it\/wp-json\/wp\/v2\/types\/post"}],"author":[{"embeddable":true,"href":"https:\/\/www.esteri.it\/it\/wp-json\/wp\/v2\/users\/1"}],"replies":[{"embeddable":true,"href":"https:\/\/www.esteri.it\/it\/wp-json\/wp\/v2\/comments?post=19497"}],"version-history":[{"count":0,"href":"https:\/\/www.esteri.it\/it\/wp-json\/wp\/v2\/posts\/19497\/revisions"}],"wp:attachment":[{"href":"https:\/\/www.esteri.it\/it\/wp-json\/wp\/v2\/media?parent=19497"}],"wp:term":[{"taxonomy":"category","embeddable":true,"href":"https:\/\/www.esteri.it\/it\/wp-json\/wp\/v2\/categories?post=19497"},{"taxonomy":"post_tag","embeddable":true,"href":"https:\/\/www.esteri.it\/it\/wp-json\/wp\/v2\/tags?post=19497"}],"curies":[{"name":"wp","href":"https:\/\/api.w.org\/{rel}","templated":true}]}}