{"id":19612,"date":"2012-06-15T13:19:47","date_gmt":"2012-06-15T11:19:47","guid":{"rendered":"https:\/\/www.esteri.it\/sala_stampa\/archivionotizie\/comunicati\/2012\/06\/20120615_europa\/"},"modified":"2012-06-15T13:19:47","modified_gmt":"2012-06-15T11:19:47","slug":"20120615_europa","status":"publish","type":"post","link":"https:\/\/www.esteri.it\/it\/sala_stampa\/archivionotizie\/approfondimenti\/2012\/06\/20120615_europa\/","title":{"rendered":"Europa: Le scadenze della svolta?"},"content":{"rendered":"<p><P>L\u2019auspicio \u00e8 che dagli appuntamenti in agenda nel corso della seconda met\u00e0 del mese corrente l\u2019Europa e la comunit\u00e0 internazionale del G20 trovino unit\u00e0 di intenti per disegnare una road-map della governance economicae del completamento del processo di integrazione politica per quanto riguarda l\u2019Unione Europea.<\/P><br \/>\n<P>L\u2019Europa \u2013 ha detto il Capo dello Stato Giorgio Napolitano dopo un incontro al Quirinale con il Presidente francese Francois Hollande \u2013 \u201csenza fatali esitazioni e indugi\u201d, apra \u201cnuove prospettive di rilancio della crescita economica e della giustizia sociale, in stretto legame con la condivisione di discipline di bilancio e di avvio dell&#8217;unione fiscale\u201d, mentre dal Consiglio europeo di fine giugno scaturisca \u201cla pi\u00f9 ferma e concreta determinazione di consolidare l\u2019irrinunciabile conquista dell\u2019euro\u201d.<\/P><br \/>\n<P><STRONG>Il salvataggio dell\u2019Euro<\/STRONG><\/P><br \/>\n<P>C\u2019\u00e8 nei fatti un\u2019accelerazione dei processi decisionali di salvataggio della moneta unica: non a caso sia il Premier italiano, Mario Monti, sia il Presidente Hollande che si sono incontrati ieri a Roma, hanno parlato di eurobond e di meccanismi stabili per mettere l\u2019Euro al riparo della speculazione. Il Presidente francese ha detto che non accetter\u00e0 mezze misure ed il Premier italiano ha aggiunto che quello che \u00e8 stato fatto finora \u00e8 molto ma non basta ancora per tenere al riparo l\u2019Ue dalle turbolenze dei mercati.<\/P><br \/>\n<P>E dalla Commissione europea arriva un segnale significativo: al G20 la Ue metter\u00e0 l&#8217;accento sulla sua \u201cdeterminazione a trovare una soluzione alla crisi del debito sovrano\u201d e al tempo stesso chieder\u00e0 ai partner \u201cun forte impulso per equilibrare l&#8217;economia mondale\u201d, cos\u00ec la portavoce della Commissione Ue. Dunque \u00e8 proprio nelle sedi istituzionali che vannotrovate unit\u00e0 di intenti e convergenze su nuove \u201cregole\u201d che servono a tutelare la moneta unica e nel contempo ad aprire la strada alla \u201ccrescita\u201d.<\/P><br \/>\n<P><STRONG>Le scadenze<\/STRONG><\/P><br \/>\n<P>Le scadenze in agenda sono significative: domenica 17, l\u2019esito delle elezioni in Grecia \u2013 un voto bis, dopo quello del 6 maggio- potrebbe essere determinanteper la permanenza di Atene nell\u2019Euro e nell\u2019Unione. <\/STRONG><\/P><br \/>\n<P>Luned\u00ec 18 e marted\u00ec 19 i leader delle 20 maggiori potenze economiche mondiali si riuniranno a Los Cabos, in Messico.<\/STRONG><\/P><br \/>\n<P>Il 22 giugno, il Presidente Fran\u00e7ois Hollande, la Cancelliera Angela Merkel e il Premier Mariano Rajoy saranno ospiti a Roma del Premier italiano Mario Monti: il Quadrangolare discuter\u00e0 misure anti-crisi, verso il Consiglio europeo di fine mese.<\/STRONG><\/P><br \/>\n<P>Infine, il 28 e 29 giugno, a Bruxelles, ci sar\u00e0 il Vertice della crescita: se ne attendono iniziative per rilanciare la ripresa e l\u2019occupazione, senza rinunciare al rigore e alle riforme.<\/STRONG><\/P><br \/>\n<P><STRONG>L\u2019invito della Merkel<\/STRONG><\/STRONG><\/P><br \/>\n<P>La Cancelliera tedesca Angela Merkel, chiamata dagli altri paesieuropei a concorrere alla salvaguardia della moneta e ad una maggiore integrazione, ha detto <\/STRONG>che le forze tedesche non sono illimitate e che non si devono coltivare eccessive illusioni sulle capacit\u00e0 della Germania di salvare l&#8217;Euro. In altri termini l\u2019invito ai partner \u00e8 quello di fare della stabilit\u00e0 dell\u2019Euro un temadella pi\u00f9 vasta stabilit\u00e0 monetaria e finanziaria internazionale che dovrebbe essere al centro del G20. In sostanza anche le grandi potenze mondiali devono farsi carico di quella che \u00e8 una crisi globale di sistema. <\/P><br \/>\n<P>Qualunque decisione venga presa sul governo dell\u2019economia, essa pu\u00f2 configurarsi solo nell\u2019ambito di una determinata volont\u00e0 politica.<STRONG> <\/STRONG><\/STRONG>Ma gli interrogativi non mancano. Ci sono le condizioni per porre le<\/STRONG> <\/STRONG>giuste premesse affinch\u00e9<STRONG> <\/STRONG><\/STRONG>l\u2019intervallo che ci separa dal Consiglio europeo sia utilizzato per rilanciare il tema della coesione e dell\u2019unione politica? Come arrivarci di fronte alla prevalenza degli interessi nazionali, alle pressioni della politica interna, all\u2019incapacit\u00e0 di prendere decisioni rapide e incisive? <\/P><br \/>\n<P><STRONG>Terzi, pi\u00f9 Europa<\/STRONG><\/P><br \/>\n<P>Pi\u00f9 Europa \u2013 dice il Ministro Giulio Terzi \u2013 \u201cnon \u00e8 solo auspicabile, ma \u00e8 un dato non pi\u00f9 comprimibile in un futuro che \u00e8 gi\u00e0 presente. Di fronte alla crisi, non esiste una via di uscita nazionale. Questa \u00e8 solo un&#8217;illusione che prima viene messa da parte e meglio \u00e8 per tutti. La strada da perseguire \u00e8 quella di una sempre maggiore integrazione, politica, istituzionale, e non solo monetaria o di mercato\u201d.<\/P><\/p>\n","protected":false},"excerpt":{"rendered":"L\u2019auspicio \u00e8 che dagli appuntamenti in agenda nel corso della seconda met\u00e0 del mese corrente l\u2019Europa e la comunit\u00e0 internazionale del G20 trovino unit\u00e0 di intenti per disegnare una road-map della governance economicae del completamento del processo di integrazione politica per quanto riguarda l\u2019Unione Europea. L\u2019Europa \u2013 ha detto il Capo dello Stato Giorgio Napolitano [&hellip;]","protected":false},"author":1,"featured_media":0,"comment_status":"","ping_status":"","sticky":false,"template":"","format":"standard","meta":{"footnotes":""},"categories":[2],"tags":[3,9,42],"class_list":["post-19612","post","type-post","status-publish","format-standard","hentry","category-approfondimenti","tag-diplomazia-economica","tag-europa","tag-unione-europea"],"_links":{"self":[{"href":"https:\/\/www.esteri.it\/it\/wp-json\/wp\/v2\/posts\/19612","targetHints":{"allow":["GET"]}}],"collection":[{"href":"https:\/\/www.esteri.it\/it\/wp-json\/wp\/v2\/posts"}],"about":[{"href":"https:\/\/www.esteri.it\/it\/wp-json\/wp\/v2\/types\/post"}],"author":[{"embeddable":true,"href":"https:\/\/www.esteri.it\/it\/wp-json\/wp\/v2\/users\/1"}],"replies":[{"embeddable":true,"href":"https:\/\/www.esteri.it\/it\/wp-json\/wp\/v2\/comments?post=19612"}],"version-history":[{"count":0,"href":"https:\/\/www.esteri.it\/it\/wp-json\/wp\/v2\/posts\/19612\/revisions"}],"wp:attachment":[{"href":"https:\/\/www.esteri.it\/it\/wp-json\/wp\/v2\/media?parent=19612"}],"wp:term":[{"taxonomy":"category","embeddable":true,"href":"https:\/\/www.esteri.it\/it\/wp-json\/wp\/v2\/categories?post=19612"},{"taxonomy":"post_tag","embeddable":true,"href":"https:\/\/www.esteri.it\/it\/wp-json\/wp\/v2\/tags?post=19612"}],"curies":[{"name":"wp","href":"https:\/\/api.w.org\/{rel}","templated":true}]}}