{"id":19669,"date":"2012-06-11T13:20:12","date_gmt":"2012-06-11T11:20:12","guid":{"rendered":"https:\/\/www.esteri.it\/sala_stampa\/archivionotizie\/comunicati\/2012\/06\/20120611_itpolnap\/"},"modified":"2012-06-11T13:20:12","modified_gmt":"2012-06-11T11:20:12","slug":"20120611_itpolnap","status":"publish","type":"post","link":"https:\/\/www.esteri.it\/it\/sala_stampa\/archivionotizie\/approfondimenti\/2012\/06\/20120611_itpolnap\/","title":{"rendered":"ITALIA-POLONIA: Napolitano, \u201cFortissima unit\u00e0 di vedute\u201d"},"content":{"rendered":"<p><P>Fra Italia e Polonia vi \u00e8 una &#8220;fortissima unit\u00e0 di vedute&#8221; su diversi problemi europei. Lo ha detto il Presidente della Repubblica, Giorgio Napolitano, in visita in Polonia per due giorni, a conclusione del colloquio con il Capo di Stato polacco Bronis\u0142aw Komorowski. Secondo Napolitano, che \u00e8 accompagnato dal Ministro Giulio Terzi, la Polonia svolge un ruolo sempre pi\u00f9 importante nel promuovere l&#8217;idea dell\u2019integrazione europea, ad esempio nel campo della sicurezza. Da parte italiana \u2013 ha sottolineato Napolitano &#8211; c&#8217;\u00e8 &#8220;grande attenzione all&#8217;avvicinamento dell&#8217;Ucraina&#8221; all&#8217;Unione Europea, e si appoggia la firma di un &#8220;accordo di associazione&#8221; tra Kiev e l&#8217;Unione.<\/P><br \/>\n<P><STRONG>Avvicinamento dell\u2019Ucraina all\u2019Ue<\/STRONG><\/P><br \/>\n<P>La Polonia, come \u00e8 noto, \u00e8 un Paese vicino all&#8217;Ucraina e sta attivamente lavorando per una maggiore integrazione del Paese all&#8217;Europa. Napolitano ha lodato &#8220;la visione lungimirante ed equilibrata&#8221; che il governo di Varsavia sta portando avanti nei rapporti con l&#8217;Ucraina. Poco prima il presidente Komorowski, dopo aver sottolineato che i rapporti bilaterali con l&#8217;Italia &#8220;si rafforzano a tutti i livelli&#8221;, ha confermato &#8220;il grande impegno&#8221; che la Polonia sta portando avanti per aiutare l&#8217;Ucraina ad inserirsi in un processo di integrazione europea. Komorowski nell\u2019esaltare la cooperazione fra la Polonia e l&#8217;Italia &#8220;che si sviluppa su tutti i livelli&#8221;, ha ringraziato fra l&#8217;altro Napolitano per aver portato con s\u00e9 in Polonia (per una esposizione) due quadri di Giovanni Antonio Canal, lo zio di Bernardo Bellotto detto Canaletto, molto conosciuto in Polonia per le sue vedute di Varsavia del Settecento.<\/P><br \/>\n<P><STRONG>La visita all\u2019Ambasciata d\u2019Italia<\/STRONG><\/P><br \/>\n<P>Il Presidente della Repubblica Giorgio Napolitano ed il Ministro degli Esteri Giulio Terzi hanno incontrato il personale dell&#8217;Ambasciata d&#8217;Italia a Varsavia, un gruppo di funzionari italiani di Frontex ed un gruppo di studenti del Collegio d&#8217;Europa di Natolin. Durante l&#8217;incontro, il Presidente ha salutato i presenti elogiando il lavoro del personale dell&#8217;Ambasciata e sottolineando l&#8217;importanza ed il valore del lavoro svolto da Frontex. Ha altres\u00ec tenuto ad evidenziare l&#8217;eccezionale sviluppo che sta vivendo la Polonia negli ultimi anni tanto a livello economico che a livello politico, menzionando anche l&#8217;importanza delle relazioni bilaterali tra Roma e Varsavia, che ci vedono quasi sempre uniti sulle principali questioni economiche e politiche internazionali. Napolitano ha infine parlato dell&#8217;intensa e proficua crescita della cooperazione economica bilaterale, con particolare menzione per il Forum Economico che si svolge marted\u00ec a Varsavia, in occasione del quale si incontrano le principali imprese italiane e polacche protagoniste di tale cooperazione economica.<\/P><\/p>\n","protected":false},"excerpt":{"rendered":"Fra Italia e Polonia vi \u00e8 una &#8220;fortissima unit\u00e0 di vedute&#8221; su diversi problemi europei. Lo ha detto il Presidente della Repubblica, Giorgio Napolitano, in visita in Polonia per due giorni, a conclusione del colloquio con il Capo di Stato polacco Bronis\u0142aw Komorowski. Secondo Napolitano, che \u00e8 accompagnato dal Ministro Giulio Terzi, la Polonia svolge [&hellip;]","protected":false},"author":1,"featured_media":0,"comment_status":"","ping_status":"","sticky":false,"template":"","format":"standard","meta":{"footnotes":""},"categories":[2],"tags":[32,9,42],"class_list":["post-19669","post","type-post","status-publish","format-standard","hentry","category-approfondimenti","tag-diplomazia-culturale","tag-europa","tag-unione-europea"],"_links":{"self":[{"href":"https:\/\/www.esteri.it\/it\/wp-json\/wp\/v2\/posts\/19669","targetHints":{"allow":["GET"]}}],"collection":[{"href":"https:\/\/www.esteri.it\/it\/wp-json\/wp\/v2\/posts"}],"about":[{"href":"https:\/\/www.esteri.it\/it\/wp-json\/wp\/v2\/types\/post"}],"author":[{"embeddable":true,"href":"https:\/\/www.esteri.it\/it\/wp-json\/wp\/v2\/users\/1"}],"replies":[{"embeddable":true,"href":"https:\/\/www.esteri.it\/it\/wp-json\/wp\/v2\/comments?post=19669"}],"version-history":[{"count":0,"href":"https:\/\/www.esteri.it\/it\/wp-json\/wp\/v2\/posts\/19669\/revisions"}],"wp:attachment":[{"href":"https:\/\/www.esteri.it\/it\/wp-json\/wp\/v2\/media?parent=19669"}],"wp:term":[{"taxonomy":"category","embeddable":true,"href":"https:\/\/www.esteri.it\/it\/wp-json\/wp\/v2\/categories?post=19669"},{"taxonomy":"post_tag","embeddable":true,"href":"https:\/\/www.esteri.it\/it\/wp-json\/wp\/v2\/tags?post=19669"}],"curies":[{"name":"wp","href":"https:\/\/api.w.org\/{rel}","templated":true}]}}