{"id":19742,"date":"2012-06-04T14:23:47","date_gmt":"2012-06-04T12:23:47","guid":{"rendered":"https:\/\/www.esteri.it\/sala_stampa\/archivionotizie\/comunicati\/2012\/06\/20120604_siria_vanrompuy\/"},"modified":"2012-06-04T14:23:47","modified_gmt":"2012-06-04T12:23:47","slug":"20120604_siria_vanrompuy","status":"publish","type":"post","link":"https:\/\/www.esteri.it\/it\/sala_stampa\/archivionotizie\/approfondimenti\/2012\/06\/20120604_siria_vanrompuy\/","title":{"rendered":"Siria: Van Rompuy, Ue e Russia sostengono il piano Annan"},"content":{"rendered":"<p><P><br \/>\n<P>La crisi siriana \u00e8 stata tra gli argomenti al centro del 29esimo Vertice UE-Russia che si \u00e8 svolto a Strelna nei sobborghi di San Pietroburgo, con il Presidente russo Vladimir Putin, il Presidente della Commissione Europea Jos\u00e9 Manuel Barroso, il Presidente del Consiglio europeo Herman Van Rompuy ed i capi delle due diplomazie, Sergei Lavrov e Catherine Ashton.<\/P><br \/>\n<P><STRONG>Piano Annan migliore opportunit\u00e0 per cessazione violenze<\/STRONG><\/STRONG><\/P><br \/>\n<P>La Ue e la Russia sostengono il piano Annan come la &#8220;migliore opportunit\u00e0&#8221; per far cessare le violenze in Siria, ha detto Van Rompuy nella conferenza stampa congiunta del vertice, aggiungendo che Mosca e Bruxelles devono unire i loro sforzi. Quindi, ha lanciato un appello alle autorit\u00e0 siriane perch\u00e9 cessino le violenze e sostengano pienamente il piano di Annan. Van Rompuy ha definito &#8220;terribile&#8221; la situazione in Siria.<\/P><br \/>\n<P><STRONG>Terzi: non esistono presupposti per intervento<\/STRONG><\/STRONG><\/P><br \/>\n<P>Di Siria si \u00e8 discusso anche a Istanbul venerd\u00ec scorso a margine della conferenza sulla Somalia, a cui ha partecipato anche il Ministro Giulio Terzi. &#8220;Non credo sia una opzione sul tavolo quella di un&#8217;azione militare al di fuori del consiglio di sicurezza Onu&#8221;, ha rilevato Terzi, sottolineando che &#8220;non esistono i presupposti&#8221; per un intervento &#8220;n\u00e9 all&#8217;Onu, n\u00e9 fra i paesi occidentali, n\u00e9 fra i governi della regione&#8221;.<\/P><br \/>\n<P>La strada da seguire per ora \u00e8 quindi quella della &#8220;soluzione politica&#8221;. Per Terzi \u00e8 importante che Mosca possa parteciparvi comprendendo che la posizione del regime di Bashar El Assad &#8220;\u00e8 definitivamente compromessa&#8221; e che Damasco \u00e8 ormai &#8220;arrivato ben al di l\u00e0 di un punto di non ritorno&#8221;.<\/P><br \/>\n<P>Per l&#8217;Italia bisogna rendere ancora pi\u00f9 incisive le sanzioni contro i vertici del regime, varare all&#8217;Onu una risoluzione che &#8220;rafforzi in maniera decisiva la capacit\u00e0 di operare&#8221; e &#8220;anche di auto-tutelarsi&#8221; degli osservatori internazionali. E, dopo le &#8220;atrocit\u00e0 spaventose che si stanno perpetrando&#8221; in Siria, potrebbe essere il momento di chiedere l&#8217;intervento della Corte Penale Internazionale dell&#8217;Aja, che &#8220;avrebbe un alto significato di pressione&#8221;, ha aggiunto Terzi.<\/P><\/p>\n","protected":false},"excerpt":{"rendered":"La crisi siriana \u00e8 stata tra gli argomenti al centro del 29esimo Vertice UE-Russia che si \u00e8 svolto a Strelna nei sobborghi di San Pietroburgo, con il Presidente russo Vladimir Putin, il Presidente della Commissione Europea Jos\u00e9 Manuel Barroso, il Presidente del Consiglio europeo Herman Van Rompuy ed i capi delle due diplomazie, Sergei Lavrov [&hellip;]","protected":false},"author":1,"featured_media":0,"comment_status":"","ping_status":"","sticky":false,"template":"","format":"standard","meta":{"footnotes":""},"categories":[2],"tags":[43,6,42],"class_list":["post-19742","post","type-post","status-publish","format-standard","hentry","category-approfondimenti","tag-diritti-umani","tag-mediterraneo-e-medio-oriente","tag-unione-europea"],"_links":{"self":[{"href":"https:\/\/www.esteri.it\/it\/wp-json\/wp\/v2\/posts\/19742","targetHints":{"allow":["GET"]}}],"collection":[{"href":"https:\/\/www.esteri.it\/it\/wp-json\/wp\/v2\/posts"}],"about":[{"href":"https:\/\/www.esteri.it\/it\/wp-json\/wp\/v2\/types\/post"}],"author":[{"embeddable":true,"href":"https:\/\/www.esteri.it\/it\/wp-json\/wp\/v2\/users\/1"}],"replies":[{"embeddable":true,"href":"https:\/\/www.esteri.it\/it\/wp-json\/wp\/v2\/comments?post=19742"}],"version-history":[{"count":0,"href":"https:\/\/www.esteri.it\/it\/wp-json\/wp\/v2\/posts\/19742\/revisions"}],"wp:attachment":[{"href":"https:\/\/www.esteri.it\/it\/wp-json\/wp\/v2\/media?parent=19742"}],"wp:term":[{"taxonomy":"category","embeddable":true,"href":"https:\/\/www.esteri.it\/it\/wp-json\/wp\/v2\/categories?post=19742"},{"taxonomy":"post_tag","embeddable":true,"href":"https:\/\/www.esteri.it\/it\/wp-json\/wp\/v2\/tags?post=19742"}],"curies":[{"name":"wp","href":"https:\/\/api.w.org\/{rel}","templated":true}]}}