{"id":19758,"date":"2012-06-01T14:33:51","date_gmt":"2012-06-01T12:33:51","guid":{"rendered":"https:\/\/www.esteri.it\/sala_stampa\/archivionotizie\/comunicati\/2012\/06\/20120601_siria_agire_compatti\/"},"modified":"2012-06-01T14:33:51","modified_gmt":"2012-06-01T12:33:51","slug":"20120601_siria_agire_compatti","status":"publish","type":"post","link":"https:\/\/www.esteri.it\/it\/sala_stampa\/archivionotizie\/approfondimenti\/2012\/06\/20120601_siria_agire_compatti\/","title":{"rendered":"Siria: Terzi, agire compatti ma non ci sono presupposti per azione militare"},"content":{"rendered":"<p><P>La comunit\u00e0 internazionale deve agire &#8220;compatta&#8221; in Siria per far fronte ad una crisi umanitaria che &#8220;preoccupa molto&#8221;, ma &#8220;non ci sono i presupposti&#8221; per una azione militare. Lo ha affermato il Ministro Giulio Terzi da Istanbul, dove ha discusso del dossier siriano con i partner internazionali a margine della conferenza sulla Somalia.<\/P><br \/>\n<P><STRONG>Non esistono i presupposti per un intervento sul modello libico<\/STRONG><\/P><br \/>\n<P>Terzi ha detto di non credere &#8220;sia una opzione sul tavolo quella di una azione militare al di fuori del Consiglio di Sicurezza dell&#8217;Onu&#8221;. E &#8220;non esistono i presupposti&#8221; per un intervento sul modello libico, ha aggiunto, &#8220;n\u00e9 all&#8217;Onu n\u00e9 fra i paesi occidentali, n\u00e9 fra i governi della regione&#8221;. Quanto alla crisi umanitaria, Terzi ha ricordato che l&#8217;Italia ha gi\u00e0 predisposto interventi nel settore medico a favore delle popolazioni.<\/P><br \/>\n<P><STRONG>Trovare una soluzione politica<\/STRONG><\/P><br \/>\n<P>L&#8217;Italia, ha detto ancora, \u00e8 favorevole alla preparazione nel Consiglio di sicurezza Onu di una risoluzione &#8220;che rafforzi in maniera decisiva la capacit\u00e0 di operare&#8221; e &#8220;anche di auto-tutelarsi&#8221; della missione degli osservatori internazionali. Terzi ha definito al riguardo &#8220;centrale&#8221; la posizione della Russia, auspicando che il governo russo capisca che la posizione del presidente siriano Bashar El Assad \u00e8 &#8220;definitivamente compromessa&#8221; e che &#8220;bisogna trovare una soluzione politica&#8221;. Il capo della diplomazia italiana si \u00e8 pronunciato anche per un rafforzamento delle sanzioni contro i vertici del regime di Damasco e per un maggiore coinvolgimento della Corte Penale Internazionale dell&#8217;Aja.<\/P><br \/>\n<P>La crisi siriana \u00e8 stata affrontata anche a Berlino nel corso di un incontro Putin-Merkel. La cancelliera tedesca ha sollecitato una &#8220;soluzione politica&#8221; in Siria, sottolineato che l&#8217;interesse al superamento dell&#8217;attuale situazione in Siria \u00e8 &#8220;lo stesso&#8221; fra Russia e Germania anche se qualche volta si individuano &#8220;strade diverse&#8221;. Il presidente russo ha detto che in Siria ci sono &#8220;elementi precursori di una guerra civile&#8221; e &#8220;nessuno ha interesse a una guerra civile&#8221; e &#8220;con Angela Merkel siamo d&#8217;accordo sul fatto che bisogna evitare una escalation&#8221;. Di Siria Putin discuter\u00e0 anche a Parigi con il neopresidente francese Francois Hollande.<\/P><br \/>\n<P><STRONG>Appello dal Forum sino-arabo<\/STRONG><\/P><br \/>\n<P>Dalla Tunisia la Cina e i Paesi arabi, riuniti ad Hammamet per il quinto Forum sino-arabo, hanno lanciato un appello alle &#8220;parti siriane&#8221; perch\u00e9 applichino &#8220;totalmente il piano Annan&#8221; al fine di &#8220;evitare il pericolo di un intervento straniero e uno scenario di anarchia e guerra civile&#8221;. Il Ministro degli Esteri cinese Yang Jiechi ha affermato che &#8220;la comunit\u00e0 internazionale deve raddoppiare gli sforzi ed esortare le autorit\u00e0 siriane ad applicare strettamente e immediatamente il piano Annan&#8221;.<\/P><br \/>\n<P>E prosegue anche la missione nell\u2019area dell\u2019&#8217;inviato dell&#8217;Onu e della Lega Araba per la Siria, Kofi Annan, che dopo Damasco si \u00e8 trasferito a Beirut per un colloquio con il primo ministro libanese Najib Mikati. Annan si \u00e8 definito &#8220;frustrato ed impaziente&#8221; di fronte alla perdurante violenza e alle uccisioni in Siria e ha detto di voler vedere &#8220;progressi pi\u00f9 rapidi verso la pace&#8221;.<\/P><br \/>\n<P><STRONG>Approvata risoluzione di condanna dal Consiglio Onu sui diritti umani<\/STRONG><\/P>Intanto a Ginevra il Consiglio Onu sui diritti umani ha approvato una risoluzione di condanna del massacro di Hula, in Siria. La risoluzione, che evoca possibili &#8221;crimini contro l&#8217;umanita&#8221;&#8217;, chiede all&#8217;apposita Commissione di inchiesta sulla Siria di condurre un&#8217;inchiesta indipendente &#8221;sui fatti di Hula&#8221;, 108 i morti tra i quali oltre 40 bambini.<\/p>\n","protected":false},"excerpt":{"rendered":"La comunit\u00e0 internazionale deve agire &#8220;compatta&#8221; in Siria per far fronte ad una crisi umanitaria che &#8220;preoccupa molto&#8221;, ma &#8220;non ci sono i presupposti&#8221; per una azione militare. Lo ha affermato il Ministro Giulio Terzi da Istanbul, dove ha discusso del dossier siriano con i partner internazionali a margine della conferenza sulla Somalia. Non esistono [&hellip;]","protected":false},"author":1,"featured_media":0,"comment_status":"","ping_status":"","sticky":false,"template":"","format":"standard","meta":{"footnotes":""},"categories":[2],"tags":[43,6,42],"class_list":["post-19758","post","type-post","status-publish","format-standard","hentry","category-approfondimenti","tag-diritti-umani","tag-mediterraneo-e-medio-oriente","tag-unione-europea"],"_links":{"self":[{"href":"https:\/\/www.esteri.it\/it\/wp-json\/wp\/v2\/posts\/19758","targetHints":{"allow":["GET"]}}],"collection":[{"href":"https:\/\/www.esteri.it\/it\/wp-json\/wp\/v2\/posts"}],"about":[{"href":"https:\/\/www.esteri.it\/it\/wp-json\/wp\/v2\/types\/post"}],"author":[{"embeddable":true,"href":"https:\/\/www.esteri.it\/it\/wp-json\/wp\/v2\/users\/1"}],"replies":[{"embeddable":true,"href":"https:\/\/www.esteri.it\/it\/wp-json\/wp\/v2\/comments?post=19758"}],"version-history":[{"count":0,"href":"https:\/\/www.esteri.it\/it\/wp-json\/wp\/v2\/posts\/19758\/revisions"}],"wp:attachment":[{"href":"https:\/\/www.esteri.it\/it\/wp-json\/wp\/v2\/media?parent=19758"}],"wp:term":[{"taxonomy":"category","embeddable":true,"href":"https:\/\/www.esteri.it\/it\/wp-json\/wp\/v2\/categories?post=19758"},{"taxonomy":"post_tag","embeddable":true,"href":"https:\/\/www.esteri.it\/it\/wp-json\/wp\/v2\/tags?post=19758"}],"curies":[{"name":"wp","href":"https:\/\/api.w.org\/{rel}","templated":true}]}}