{"id":19820,"date":"2012-05-25T11:39:49","date_gmt":"2012-05-25T09:39:49","guid":{"rendered":"https:\/\/www.esteri.it\/sala_stampa\/archivionotizie\/comunicati\/2012\/05\/20120525_santiago\/"},"modified":"2012-05-25T11:39:49","modified_gmt":"2012-05-25T09:39:49","slug":"20120525_santiago","status":"publish","type":"post","link":"https:\/\/www.esteri.it\/it\/sala_stampa\/archivionotizie\/approfondimenti\/2012\/05\/20120525_santiago\/","title":{"rendered":"Santiago del Cile: l\u2019ambasciata italiana apre al pubblico per la festa della repubblica"},"content":{"rendered":"<p><P>Nello spirito dell\u2019evento \u201cFarnesina porte aperte\u201d e per celebrare la Festa della Repubblica, il 2 e il 3 di giugno l\u2019Ambasciata d\u2019Italia a Santiago aprir\u00e0 per la prima volta le sue porte al pubblico, permettendo la visita dei suoi giardini e saloni, in collaborazione con \u201cBarrio Italia\u201d, il quartiere della capitale dove hanno sede la Cancelleria diplomatica e la Residenza dell\u2019Ambasciatore.<\/P><br \/>\n<P>Le visite saranno guidate da studenti della Scuola italiana paritaria di Santiago, Vittorio Montiglio, dalle 11.00 alle 16.00. Oltre alla possibilit\u00e0 di conoscere la storia dell\u2019antico edificio &#8211; teatro di intense vicende politiche ed umane negli anni immediatamente successivi al colpo di stato dell&#8217;11 settembre 1973 &#8211; sar\u00e0 possibile visitare un\u2019esposizione di mobili e oggetti di design italiano storico e contemporaneo, allestita nei saloni della Residenza per l\u2019occasione dell\u2019apertura straordinaria al pubblico e realizzata in collaborazione con \u201cInterdesign\u201d, uno dei principali importatori di design italiano in Cile. In una tappa della visita, uno chef italiano illustrer\u00e0 la qualit\u00e0 di alcuni prodotti e si potr\u00e0 degustare un vero espresso italiano con un noto cioccolatino.<\/P>Storia, cultura, architettura, design e gastronomia italiana saranno per due giorni alla portata di tutti, italiani e cileni, vicini del quartiere e curiosi, personalit\u00e0 e gente comune. Per maggiori informazioni sulle modalit\u00e0 di accesso all\u2019Ambasciata, www.ambsantiago.esteri.it.<\/p>\n","protected":false},"excerpt":{"rendered":"Nello spirito dell\u2019evento \u201cFarnesina porte aperte\u201d e per celebrare la Festa della Repubblica, il 2 e il 3 di giugno l\u2019Ambasciata d\u2019Italia a Santiago aprir\u00e0 per la prima volta le sue porte al pubblico, permettendo la visita dei suoi giardini e saloni, in collaborazione con \u201cBarrio Italia\u201d, il quartiere della capitale dove hanno sede la [&hellip;]","protected":false},"author":1,"featured_media":0,"comment_status":"","ping_status":"","sticky":false,"template":"","format":"standard","meta":{"footnotes":""},"categories":[2],"tags":[398,32],"class_list":["post-19820","post","type-post","status-publish","format-standard","hentry","category-approfondimenti","tag-america-latina-e-caraibi","tag-diplomazia-culturale"],"_links":{"self":[{"href":"https:\/\/www.esteri.it\/it\/wp-json\/wp\/v2\/posts\/19820","targetHints":{"allow":["GET"]}}],"collection":[{"href":"https:\/\/www.esteri.it\/it\/wp-json\/wp\/v2\/posts"}],"about":[{"href":"https:\/\/www.esteri.it\/it\/wp-json\/wp\/v2\/types\/post"}],"author":[{"embeddable":true,"href":"https:\/\/www.esteri.it\/it\/wp-json\/wp\/v2\/users\/1"}],"replies":[{"embeddable":true,"href":"https:\/\/www.esteri.it\/it\/wp-json\/wp\/v2\/comments?post=19820"}],"version-history":[{"count":0,"href":"https:\/\/www.esteri.it\/it\/wp-json\/wp\/v2\/posts\/19820\/revisions"}],"wp:attachment":[{"href":"https:\/\/www.esteri.it\/it\/wp-json\/wp\/v2\/media?parent=19820"}],"wp:term":[{"taxonomy":"category","embeddable":true,"href":"https:\/\/www.esteri.it\/it\/wp-json\/wp\/v2\/categories?post=19820"},{"taxonomy":"post_tag","embeddable":true,"href":"https:\/\/www.esteri.it\/it\/wp-json\/wp\/v2\/tags?post=19820"}],"curies":[{"name":"wp","href":"https:\/\/api.w.org\/{rel}","templated":true}]}}