{"id":19859,"date":"2012-05-22T13:26:58","date_gmt":"2012-05-22T11:26:58","guid":{"rendered":"https:\/\/www.esteri.it\/sala_stampa\/archivionotizie\/comunicati\/2012\/05\/20120522_cannes\/"},"modified":"2012-05-22T13:26:58","modified_gmt":"2012-05-22T11:26:58","slug":"20120522_cannes","status":"publish","type":"post","link":"https:\/\/www.esteri.it\/it\/sala_stampa\/archivionotizie\/approfondimenti\/2012\/05\/20120522_cannes\/","title":{"rendered":"Cannes: nasce \u201cItalia in Luce\u201d, con rete MAE per promozione cinema italiano"},"content":{"rendered":"<p><P>Nasce \u201cItalia in luce\u201d, la nuova struttura per la promozione del cinema italiano all&#8217;estero a cui partecipa anche il MAE. Ci lavorano insieme l&#8217;Istituto Luce-Cinecitt\u00e0, dunque cinema pubblico e privato, con quattro Ministeri: Beni culturali, Sviluppo Economico, Esteri e Turismo. Il progetto \u00e8 stato presentato stamane a Cannes dal Ministro dei Beni culturali Lorenzo Ornaghi. Per il MAE era presente l\u2019Ambasciatore Maurizio Melani, Direttore Generale per la promozione del Sistema Paese.<\/P><br \/>\n<P>Il MAE contribuir\u00e0 alla valorizzazione del cinema italiano nel mondo attraverso le rassegne promosse dalla rete diplomatico-consolare. Il progetto si inserir\u00e0 anche in due importanti rassegne nel 2013: l&#8217;Anno della cultura italiana negli Stati Uniti e la quinta edizione di &#8221;Italia in Giappone&#8221;. Il primo mostrer\u00e0 l&#8217;avanguardia italiana nell&#8217;innovazione, nella scienza e nelle produzioni di qualit\u00e0, come appunto il cinema. Il secondo, invece, vedr\u00e0 l&#8217;allestimento di grandi mostre e tournee musicali, nonch\u00e9 l&#8217;organizzazione di iniziative sulla lingua italiana e promozioni dell&#8217;export e del turismo. <\/P><br \/>\n<P>Oltre a questi grandi contenitori una attenzione particolare sar\u00e0 rivolta alle aree emergenti in cui la crescita economica \u00e8 pi\u00f9 alta e pi\u00f9 in grado di avere effetti positivi su quella italiana. Il MAE e la sua rete nel mondo opereranno anche, assieme agli altri attori del settore, per attrarre produzioni cinematografiche in Italia quale ulteriore mezzo di promozione del Paese e in particolare del suo territorio con ricadute soprattutto sul piano turistico.<\/P><br \/>\n<P>\u00a0<\/P><\/p>\n","protected":false},"excerpt":{"rendered":"Nasce \u201cItalia in luce\u201d, la nuova struttura per la promozione del cinema italiano all&#8217;estero a cui partecipa anche il MAE. Ci lavorano insieme l&#8217;Istituto Luce-Cinecitt\u00e0, dunque cinema pubblico e privato, con quattro Ministeri: Beni culturali, Sviluppo Economico, Esteri e Turismo. Il progetto \u00e8 stato presentato stamane a Cannes dal Ministro dei Beni culturali Lorenzo Ornaghi. [&hellip;]","protected":false},"author":1,"featured_media":0,"comment_status":"","ping_status":"","sticky":false,"template":"","format":"standard","meta":{"footnotes":""},"categories":[2],"tags":[32],"class_list":["post-19859","post","type-post","status-publish","format-standard","hentry","category-approfondimenti","tag-diplomazia-culturale"],"_links":{"self":[{"href":"https:\/\/www.esteri.it\/it\/wp-json\/wp\/v2\/posts\/19859","targetHints":{"allow":["GET"]}}],"collection":[{"href":"https:\/\/www.esteri.it\/it\/wp-json\/wp\/v2\/posts"}],"about":[{"href":"https:\/\/www.esteri.it\/it\/wp-json\/wp\/v2\/types\/post"}],"author":[{"embeddable":true,"href":"https:\/\/www.esteri.it\/it\/wp-json\/wp\/v2\/users\/1"}],"replies":[{"embeddable":true,"href":"https:\/\/www.esteri.it\/it\/wp-json\/wp\/v2\/comments?post=19859"}],"version-history":[{"count":0,"href":"https:\/\/www.esteri.it\/it\/wp-json\/wp\/v2\/posts\/19859\/revisions"}],"wp:attachment":[{"href":"https:\/\/www.esteri.it\/it\/wp-json\/wp\/v2\/media?parent=19859"}],"wp:term":[{"taxonomy":"category","embeddable":true,"href":"https:\/\/www.esteri.it\/it\/wp-json\/wp\/v2\/categories?post=19859"},{"taxonomy":"post_tag","embeddable":true,"href":"https:\/\/www.esteri.it\/it\/wp-json\/wp\/v2\/tags?post=19859"}],"curies":[{"name":"wp","href":"https:\/\/api.w.org\/{rel}","templated":true}]}}