{"id":19922,"date":"2012-05-16T10:31:02","date_gmt":"2012-05-16T08:31:02","guid":{"rendered":"https:\/\/www.esteri.it\/sala_stampa\/archivionotizie\/comunicati\/2012\/05\/20120516_naptuninc\/"},"modified":"2012-05-16T10:31:02","modified_gmt":"2012-05-16T08:31:02","slug":"20120516_naptuninc","status":"publish","type":"post","link":"https:\/\/www.esteri.it\/it\/sala_stampa\/archivionotizie\/approfondimenti\/2012\/05\/20120516_naptuninc\/","title":{"rendered":"Napolitano a Tunisi &#8211; L\u2019Italia incoraggia la svolta tunisina"},"content":{"rendered":"<p><P>Il Presidente della Repubblica, Giorgio Napolitano, accompagnato dal Ministro Giulio Terzi, \u00e8 in visita ufficiale in Tunisia dove si tratterr\u00e0 anche domani. Incontrer\u00e0 il Presidente Moncef Marzouki con il quale discuter\u00e0 le pi\u00f9 importanti questioni delle relazioni bilaterali e dell&#8217;agenda internazionale. Napolitano vedr\u00e0 anche il Capo del Governo, Hamadi Jebali e terr\u00e0 un intervento davanti all&#8217;Assemblea Nazionale Costituente preceduto da un colloquio con il Presidente dell&#8217;Assemblea, Mustapha Ben Jaafar, primo capo di Stato europeo a farlo.<\/P><br \/>\n<P>La visita del capo dello Stato italiano, come l\u2019azione sinora svolta dalla diplomazia italiana, va nella direzione di un incoraggiamento della svolta tunisina, esempio di moderazione per altri Paesi che hanno intrapreso la via della primavera. E nell\u2019ambito del sostegno alla &#8220;svolta&#8221; c\u2019\u00e8 la particolare attenzione al consolidamento del processo democratico con una nuova costituzione e istituzioni liberamente elette. &#8220;Il popolo tunisino \u2013 ha detto Napolitano in un\u2019intervista al settimanale tunisino &#8220;Realites&#8221;, pubblicata dal sito del Quirinale &#8211; ha preso in mano il suo destino verso una societ\u00e0 democratica e pluralista e di ci\u00f2 pu\u00f2 essere orgoglioso. Le libere elezioni di un&#8217;Assemblea Costituente hanno aperto la strada alla scelta di un modello istituzionale rappresentativo attraverso un dibattito approfondito e trasparente&#8221;.<\/P><br \/>\n<P><STRONG>Consolidamento dei rapporti bilaterali<\/STRONG><\/P><br \/>\n<P>La visita del Capo dello Stato consolider\u00e0 le basi di rapporti bilaterali ottimi. Una visita concreta come dimostra il pacchetto di iniziative per la Tunisia: crediti di aiuto per 200 milioni di euro per sostenere il settore delle piccole e medie imprese tunisine e per forniture alla pubblica amministrazione. Soldi ben spesi se si considera che nel Paese operano ben 700 imprese italiane mentre il turismo \u00e8 in pieno boom.<\/P><br \/>\n<P>Napolitano visiter\u00e0 all&#8217;Istituto italiano di cultura la mostra di quadri e disegni del periodo tunisino di Maurizio Valenzi, parlamentare e sindaco di Napoli deceduto nel 2009, curata dal direttore dell&#8217;Istituto, Luigi Merolla, e da Lucia Valenzi.<\/P><\/p>\n","protected":false},"excerpt":{"rendered":"Il Presidente della Repubblica, Giorgio Napolitano, accompagnato dal Ministro Giulio Terzi, \u00e8 in visita ufficiale in Tunisia dove si tratterr\u00e0 anche domani. Incontrer\u00e0 il Presidente Moncef Marzouki con il quale discuter\u00e0 le pi\u00f9 importanti questioni delle relazioni bilaterali e dell&#8217;agenda internazionale. Napolitano vedr\u00e0 anche il Capo del Governo, Hamadi Jebali e terr\u00e0 un intervento davanti [&hellip;]","protected":false},"author":1,"featured_media":0,"comment_status":"","ping_status":"","sticky":false,"template":"","format":"standard","meta":{"footnotes":""},"categories":[2],"tags":[32,6],"class_list":["post-19922","post","type-post","status-publish","format-standard","hentry","category-approfondimenti","tag-diplomazia-culturale","tag-mediterraneo-e-medio-oriente"],"_links":{"self":[{"href":"https:\/\/www.esteri.it\/it\/wp-json\/wp\/v2\/posts\/19922","targetHints":{"allow":["GET"]}}],"collection":[{"href":"https:\/\/www.esteri.it\/it\/wp-json\/wp\/v2\/posts"}],"about":[{"href":"https:\/\/www.esteri.it\/it\/wp-json\/wp\/v2\/types\/post"}],"author":[{"embeddable":true,"href":"https:\/\/www.esteri.it\/it\/wp-json\/wp\/v2\/users\/1"}],"replies":[{"embeddable":true,"href":"https:\/\/www.esteri.it\/it\/wp-json\/wp\/v2\/comments?post=19922"}],"version-history":[{"count":0,"href":"https:\/\/www.esteri.it\/it\/wp-json\/wp\/v2\/posts\/19922\/revisions"}],"wp:attachment":[{"href":"https:\/\/www.esteri.it\/it\/wp-json\/wp\/v2\/media?parent=19922"}],"wp:term":[{"taxonomy":"category","embeddable":true,"href":"https:\/\/www.esteri.it\/it\/wp-json\/wp\/v2\/categories?post=19922"},{"taxonomy":"post_tag","embeddable":true,"href":"https:\/\/www.esteri.it\/it\/wp-json\/wp\/v2\/tags?post=19922"}],"curies":[{"name":"wp","href":"https:\/\/api.w.org\/{rel}","templated":true}]}}