{"id":19948,"date":"2012-05-14T10:40:28","date_gmt":"2012-05-14T08:40:28","guid":{"rendered":"https:\/\/www.esteri.it\/sala_stampa\/archivionotizie\/comunicati\/2012\/05\/20120514_maefpa\/"},"modified":"2012-05-14T10:40:28","modified_gmt":"2012-05-14T08:40:28","slug":"20120514_maefpa","status":"publish","type":"post","link":"https:\/\/www.esteri.it\/it\/sala_stampa\/archivionotizie\/approfondimenti\/2012\/05\/20120514_maefpa\/","title":{"rendered":"Il MAE al Forum PA 2012"},"content":{"rendered":"<p><P>Anche quest\u2019anno il MAE parteciper\u00e0 al Forum della Pubblica Amministrazione, giunto alla 23esima edizione. L\u2019evento, che si svolger\u00e0 alla Nuova Fiera di Roma dal 16 al 19 maggio, sar\u00e0 dedicato alla valorizzazione delle reti della P.A.<\/P><br \/>\n<P><STRONG>Ampliamento e miglioramento dei servizi<\/STRONG><\/STRONG><\/P><br \/>\n<P>Come nelle passate edizioni, il MAE sar\u00e0 presente con un proprio stand, nel quale saranno presentate le principali iniziative in termini di innovazione tecnologica e dei metodi di lavoro, nonch\u00e9 di ampliamento e miglioramento dei servizi all\u2019utenza. Inoltre, il 17 maggio si svolger\u00e0 il seminario organizzato dal MAE \u201cGlobalizzazione e promozione dei diritti umani: le nuove tecnologie e il ruolo del Ministero Affari Esteri\u201d.<\/P><br \/>\n<P><STRONG>M@e-Cloud<\/STRONG><\/STRONG><\/P><br \/>\n<P>Tra le novit\u00e0 verr\u00e0 presentata la nuova piattaforma informatica M@e-Cloud, attraverso cui sar\u00e0 possibile accedere ad una serie di servizi, dalle prenotazioni presso gli sportelli on-line dei consolati al portale dell&#8217;Unita&#8217; di crisi, &#8220;Viaggiare sicuri&#8221;, oltre a reperire informazioni di varia natura con riduzioni per i costi d&#8217;esercizio, razionalizzazione delle risorse e un&#8217;attenzione alla sostenibilit\u00e0 energetica.<\/P><br \/>\n<P>\u00a0<\/P><br \/>\n<P><\/STRONG><\/P><br \/>\n<P><STRONG>Programma della partecipazione del MAE al Forum PA<\/STRONG><\/STRONG><\/P><br \/>\n<P><STRONG>Mercoled\u00ec 16 maggio<\/STRONG> \u201cLe innovazioni al MAE<\/STRONG>\u201d<\/STRONG><\/P><br \/>\n<P>Officine:<\/STRONG><\/P><br \/>\n<P>h. 11.00 Proiezione video e presentazione attivit\u00e0 Unit\u00e0 di Crisi<\/STRONG> per i Campionati Europei di calcio 2012<\/STRONG> (a cura dell\u2019 Unit\u00e0 di Crisi<\/I>) <\/P><br \/>\n<P>h. 12.00 Presentazione azioni realizzate per l\u2019integrit\u00e0 e la trasparenza<\/STRONG> e premiazione video e grafiche concorso Zooppa<\/STRONG> (a cura della Segreteria Generale \u2013 Unit\u00e0 di Crisi)<\/I><\/P><br \/>\n<P>h. 15.00 Proiezione video e presentazione Servizi consolari a distanza<\/STRONG> (a cura della Direzione Generale per l\u2019amministrazione, l\u2019informatica e le comunicazioni)<\/I><\/P><br \/>\n<P>15.30 Proiezione video e presentazione progetto Farnesina Verde \u2013 Fotovoltaico <\/STRONG>(a cura della Direzione Generale per l\u2019amministrazione, l\u2019informatica e le comunicazioni)<\/I><\/P><br \/>\n<P>h. 16.00 Presentazione progetto Portale PESC\/PSDC<\/STRONG> (a cura della Direzione Generale per gli Affari Politici e di Sicurezza)<\/I><\/P><br \/>\n<P><STRONG>Gioved\u00ec 17 maggio<\/STRONG> \u201cIl MAE e la formazione\u201d<\/STRONG>:<\/STRONG><\/P><br \/>\n<P>Mattina: Seminario<\/STRONG> \u201cGlobalizzazione e promozione dei Diritti Umani<\/STRONG>: le nuove tecnologie e il ruolo del Ministero Affari Esteri\u201d <\/P><br \/>\n<P>Officine:<\/STRONG><\/P><br \/>\n<P>12.00 La carriera diplomatica e le altre professionalit\u00e0 del MAE<\/STRONG> (a cura della Direzione Generale per le risorse e l\u2019innovazione)<\/I><\/P><br \/>\n<P>15.00 Il programma di borse di studio <\/STRONG>del MAE e l\u2019internazionalizzazione delle Universit\u00e0<\/STRONG> (a cura della Direzione Generale per la promozione del sistema Paese)<\/I><\/P><br \/>\n<P>16.00 Le attivit\u00e0 di formazione<\/STRONG> dell\u2019ISDI e il programma MAE- CRUI<\/STRONG> (a cura dell\u2019Istituto Diplomatico<\/I>)<\/P><br \/>\n<P><STRONG>Venerd\u00ec 18 maggio<\/STRONG> \u201cIl MAE tra Cooperazione ed emergenza\u201d<\/STRONG><\/STRONG><\/P><br \/>\n<P>10.00\/18.00 Convegno<\/STRONG> II Giornata Nazionale G Cloud: progetto MAE Cloud<\/STRONG> (a cura della Direzione Generale per l\u2019Amministrazione, l\u2019Informatica e le Comunicazioni)<\/I><\/P><br \/>\n<P>Officine<\/STRONG> (a cura della Direzione Generale per la Cooperazione allo Sviluppo):<\/I><\/P><br \/>\n<P>h. 10.00 Proiezione documentario \u201cNO GAME\u201d e presentazione attivit\u00e0 di sminamento umanitario<\/STRONG> in Afghanistan <\/P><br \/>\n<P>h. 11.00 Proiezione documentario \u201cAfrican Women<\/STRONG>\u201d e presentazione iniziativa a favore del Premio Nobel per la Pace alle donne africane <\/P><br \/>\n<P>h. 12.00 Presentazione iniziativa \u201cCinemArena<\/STRONG>\u201d <\/P><br \/>\n<P>h. 15.00 Presentazione attivit\u00e0 della Task Force Iraq<\/STRONG> <\/P><br \/>\n<P>h. 16.00 Presentazione della best practice <\/I>della DGCS relativa alla standardizzazione delle iniziative di emergenza<\/STRONG> <\/P><br \/>\n<P>h. 18.00 Presentazione del Programma \u201cFiliere agricole in Oromia\u201d realizzato in Etiopia<\/STRONG> <\/P><br \/>\n<P><STRONG>Sabato 19 maggio<\/STRONG> \u201cRiassunto delle attivit\u00e0<\/STRONG>\u201d<\/STRONG><\/P><br \/>\n<P>Officine:<\/STRONG><\/P><br \/>\n<P>a partire dalle 11.00 Proiezione filmati delle officine precedenti e film del programma CinemArena<\/STRONG> dedicati quest\u2019anno al progetto \u201cLa Carovana del cinema itinerante\u201d, che ha realizzato video in Paesi africani (Kenya, Mozambico, Senegal e Uganda).<\/P><\/p>\n","protected":false},"excerpt":{"rendered":"Anche quest\u2019anno il MAE parteciper\u00e0 al Forum della Pubblica Amministrazione, giunto alla 23esima edizione. L\u2019evento, che si svolger\u00e0 alla Nuova Fiera di Roma dal 16 al 19 maggio, sar\u00e0 dedicato alla valorizzazione delle reti della P.A. Ampliamento e miglioramento dei servizi Come nelle passate edizioni, il MAE sar\u00e0 presente con un proprio stand, nel quale [&hellip;]","protected":false},"author":1,"featured_media":0,"comment_status":"","ping_status":"","sticky":false,"template":"","format":"standard","meta":{"footnotes":""},"categories":[2],"tags":[66],"class_list":["post-19948","post","type-post","status-publish","format-standard","hentry","category-approfondimenti","tag-opportunita"],"_links":{"self":[{"href":"https:\/\/www.esteri.it\/it\/wp-json\/wp\/v2\/posts\/19948","targetHints":{"allow":["GET"]}}],"collection":[{"href":"https:\/\/www.esteri.it\/it\/wp-json\/wp\/v2\/posts"}],"about":[{"href":"https:\/\/www.esteri.it\/it\/wp-json\/wp\/v2\/types\/post"}],"author":[{"embeddable":true,"href":"https:\/\/www.esteri.it\/it\/wp-json\/wp\/v2\/users\/1"}],"replies":[{"embeddable":true,"href":"https:\/\/www.esteri.it\/it\/wp-json\/wp\/v2\/comments?post=19948"}],"version-history":[{"count":0,"href":"https:\/\/www.esteri.it\/it\/wp-json\/wp\/v2\/posts\/19948\/revisions"}],"wp:attachment":[{"href":"https:\/\/www.esteri.it\/it\/wp-json\/wp\/v2\/media?parent=19948"}],"wp:term":[{"taxonomy":"category","embeddable":true,"href":"https:\/\/www.esteri.it\/it\/wp-json\/wp\/v2\/categories?post=19948"},{"taxonomy":"post_tag","embeddable":true,"href":"https:\/\/www.esteri.it\/it\/wp-json\/wp\/v2\/tags?post=19948"}],"curies":[{"name":"wp","href":"https:\/\/api.w.org\/{rel}","templated":true}]}}