{"id":19961,"date":"2012-05-11T15:03:32","date_gmt":"2012-05-11T13:03:32","guid":{"rendered":"https:\/\/www.esteri.it\/sala_stampa\/archivionotizie\/comunicati\/2012\/05\/20120511_autmotserb\/"},"modified":"2012-05-11T15:03:32","modified_gmt":"2012-05-11T13:03:32","slug":"20120511_autmotserb","status":"publish","type":"post","link":"https:\/\/www.esteri.it\/it\/sala_stampa\/archivionotizie\/approfondimenti\/2012\/05\/20120511_autmotserb\/","title":{"rendered":"Sistema Paese: l\u2019automotive italiano protagonista in Serbia"},"content":{"rendered":"<p><P>Italia sempre pi\u00f9 presente nel settore automobilistico serbo. Oltre una ventina di aziende italiane del settore, tra cui numerose PMI fornitrici di Fiat, e Fiat Auto Serbia stessa, hanno partecipato alla terza edizione della &#8220;Fiera Automotive&#8221; di Kragujevac, il 9 e 10 maggio scorsi.<\/P><br \/>\n<P><STRONG>Destinazione Kragujevac<\/STRONG><\/P><br \/>\n<P>Alla rassegna era abbinata anche la prosecuzione del progetto &#8220;Destinazione Kragujevac&#8221;, che vede in prima fila Finest con la partecipazione di numerose entit\u00e0 tra cui la Regione Friuli Venezia Giulia, SACE e SIMEST. Il progetto intende offrire sostegno informativo ed operativo alle aziende italiane che vogliano cogliere opportunit\u00e0 di sviluppo in Serbia. <\/P><br \/>\n<P>Da parte serba si \u00e8 sottolineato il momento di particolare intensit\u00e0 del rapporto economico-commerciale bilaterale e l&#8217;apprezzamento per la continuit\u00e0 e la qualit\u00e0 dell&#8217;impegno italiano in tal senso.<\/P><br \/>\n<P>Da parte italiana si \u00e8 confermata la grande importanza che la Regione Friuli Venezia Giulia attribuisce alla collaborazione con la Serbia, richiamando i numerosi recenti incontri tra il Presidente Tondo ed il Presidente Tadic ed il deciso sostegno al cammino di integrazione regionale ed europea di Belgrado espresso sia attraverso le collaborazioni economico-commerciali che attraverso le attivit\u00e0 di cooperazione tra l&#8217;altro in ambito, scientifico, della formazione ed informatico.<\/P><br \/>\n<P><STRONG>Inaugurato &#8220;Info Point&#8221;<\/STRONG><\/P><br \/>\n<P>Successivamente \u00e8 stato ufficialmente inaugurato da parte dell&#8217;Assessore De Anna un Info Point del progetto &#8220;Destinazione Kragujevac&#8221; nella cittadina della Sumadja. In abbinamento all&#8217;esistente punto di contatto di IAL a Kragujevac, l&#8217;Info Point si propone di fornire alle aziende un interlocutore immediato per l&#8217;illustrazione delle possibilit\u00e0 di collaborazione e la disseminazione delle informazioni. <\/P><br \/>\n<P>Inoltre, \u00e8 fatto il punto sulle possibilit\u00e0 di collaborazione tra il Polo di Pordenone e l&#8217;Universit\u00e0 di Kragujevac nell&#8217;ambito dell&#8217;ingegneria meccanica ed automobilistica, che coinvolgono anche il Politecnico di Torino. <\/P><br \/>\n<P>La presenza italiana a Kragujevac, grazie allo stabilimento FAS ma anche alla crescente portata dell&#8217;indotto ed al costante sostegno istituzionale, ha ormai acquisito un ruolo del tutto preminente nello sviluppo dell&#8217;area, e rappresenta la base per articolate collaborazioni che includono in modo crescente altre dimensioni (tra cui quella culturale e scientifico-tecnologica) accanto a quella economico-commerciale.<\/P><\/p>\n","protected":false},"excerpt":{"rendered":"Italia sempre pi\u00f9 presente nel settore automobilistico serbo. Oltre una ventina di aziende italiane del settore, tra cui numerose PMI fornitrici di Fiat, e Fiat Auto Serbia stessa, hanno partecipato alla terza edizione della &#8220;Fiera Automotive&#8221; di Kragujevac, il 9 e 10 maggio scorsi. Destinazione Kragujevac Alla rassegna era abbinata anche la prosecuzione del progetto [&hellip;]","protected":false},"author":1,"featured_media":0,"comment_status":"","ping_status":"","sticky":false,"template":"","format":"standard","meta":{"footnotes":""},"categories":[2],"tags":[],"class_list":["post-19961","post","type-post","status-publish","format-standard","hentry","category-approfondimenti"],"_links":{"self":[{"href":"https:\/\/www.esteri.it\/it\/wp-json\/wp\/v2\/posts\/19961","targetHints":{"allow":["GET"]}}],"collection":[{"href":"https:\/\/www.esteri.it\/it\/wp-json\/wp\/v2\/posts"}],"about":[{"href":"https:\/\/www.esteri.it\/it\/wp-json\/wp\/v2\/types\/post"}],"author":[{"embeddable":true,"href":"https:\/\/www.esteri.it\/it\/wp-json\/wp\/v2\/users\/1"}],"replies":[{"embeddable":true,"href":"https:\/\/www.esteri.it\/it\/wp-json\/wp\/v2\/comments?post=19961"}],"version-history":[{"count":0,"href":"https:\/\/www.esteri.it\/it\/wp-json\/wp\/v2\/posts\/19961\/revisions"}],"wp:attachment":[{"href":"https:\/\/www.esteri.it\/it\/wp-json\/wp\/v2\/media?parent=19961"}],"wp:term":[{"taxonomy":"category","embeddable":true,"href":"https:\/\/www.esteri.it\/it\/wp-json\/wp\/v2\/categories?post=19961"},{"taxonomy":"post_tag","embeddable":true,"href":"https:\/\/www.esteri.it\/it\/wp-json\/wp\/v2\/tags?post=19961"}],"curies":[{"name":"wp","href":"https:\/\/api.w.org\/{rel}","templated":true}]}}