{"id":19986,"date":"2012-05-09T16:11:04","date_gmt":"2012-05-09T14:11:04","guid":{"rendered":"https:\/\/www.esteri.it\/sala_stampa\/archivionotizie\/comunicati\/2012\/05\/20120509_kievgiorn\/"},"modified":"2012-05-09T16:11:04","modified_gmt":"2012-05-09T14:11:04","slug":"20120509_kievgiorn","status":"publish","type":"post","link":"https:\/\/www.esteri.it\/it\/sala_stampa\/archivionotizie\/approfondimenti\/2012\/05\/20120509_kievgiorn\/","title":{"rendered":"KIEV &#8211; Al via le \u201cGiornate italiane\u201d in Ucraina"},"content":{"rendered":"<p><P>Nei prossimi giorni a Kiev partiranno &#8220;Le Giornate Italiane&#8221;. In collaborazione con vari attori del Sistema Italia (ENIT, IIC, ICE, Camera di Commercio), e grazie alle sponsorizzazioni delle aziende qui presenti, l\u2019Ambasciatore italiano in Ucraina Fabrizio Romano ha organizzato vari eventi promozionali del nostro Paese, che avranno il momento pi\u00f9 significativo in occasione delle celebrazioni della Festa della Repubblica.L&#8217;iniziativa si inserisce anche nel quadro del ventennale delle relazioni diplomatiche tra Italia ed Ucraina.<\/P><br \/>\n<P><STRONG>Folto programma di eventi tra il 12 maggio e il 7 giugno<\/STRONG><\/P><br \/>\n<P>Il programma verr\u00e0 aperto sabato 12 maggio dalla manifestazione organizzata dall&#8217;ENIT, &#8216;Italia Comes to You&#8217;, che portera&#8217; a Kiev, fino al 15 maggio, il Padiglione Italia. Esso ospiter\u00e0 mostre fotografiche, stand promozionali di alcune Regioni, una sfilata di moda, un workshop turistico dedicato agli operatori del settore e, infine, una cena di gala conclusiva della manifestazione. <\/P><br \/>\n<P>Le Giornate Italiane proseguiranno il 18 maggio con la cerimonia di intitolazione di una Scuola Statale ucraina a Dante Alighieri (in collaborazione con il MIUR che doner\u00e0 dei libri per l&#8217;occasione) e, il 22, con la presentazione del libro &#8216;La vita e le scene di Nicola Ivanov&#8217;. Storia di un ucraino nel Risorgimento italiano&#8217;. <\/P><br \/>\n<P>Il 25 e 26 maggio l\u2019Ambasciatore Romano sar\u00e0 a Leopoli dove, in collaborazione con la Camera di Commercio Italiana per l&#8217;Ucraina, inaugurer\u00e0 la mostra &#8216;Messaggi a colori dall&#8217;Italia&#8217; presso la Galleria Nazionale di Arte ucraina, seguita dalla donazione di alcune opere al Museo. Tale mostra verra&#8217; portata il 30 maggio anche a Kiev, presso la Casa dei Pittori, dove rimarr\u00e0 per alcuni giorni. <\/P><br \/>\n<P>Il 30 maggio verra&#8217; messa in scena al Teatro Nazionale dell&#8217;Opera di Kiev &#8216;Manon Lescaut&#8217;, di Puccini, con la direzione del Maestro Francesco Rosa. Infine, il 7 giugno, verr\u00e0 inaugurata presso l&#8217;Accademia Nazionale delle Arti d&#8217;Ucraina, la mostra fotografica di Luca Bracali &#8216;Ecosistemi&#8217;. <\/P>L&#8217;azione a sostegno della penetrazione economica e commerciale italiana in Ucraina proseguir\u00e0 naturalmente al di l\u00e0 delle Giornate Italiane con l&#8217;organizzazione di una missione ANCE a met\u00e0 luglio e, in autunno, con un Business Forum abbinato ad una missione di Invitalia.<\/p>\n","protected":false},"excerpt":{"rendered":"Nei prossimi giorni a Kiev partiranno &#8220;Le Giornate Italiane&#8221;. In collaborazione con vari attori del Sistema Italia (ENIT, IIC, ICE, Camera di Commercio), e grazie alle sponsorizzazioni delle aziende qui presenti, l\u2019Ambasciatore italiano in Ucraina Fabrizio Romano ha organizzato vari eventi promozionali del nostro Paese, che avranno il momento pi\u00f9 significativo in occasione delle celebrazioni [&hellip;]","protected":false},"author":1,"featured_media":0,"comment_status":"","ping_status":"","sticky":false,"template":"","format":"standard","meta":{"footnotes":""},"categories":[2],"tags":[32,9],"class_list":["post-19986","post","type-post","status-publish","format-standard","hentry","category-approfondimenti","tag-diplomazia-culturale","tag-europa"],"_links":{"self":[{"href":"https:\/\/www.esteri.it\/it\/wp-json\/wp\/v2\/posts\/19986","targetHints":{"allow":["GET"]}}],"collection":[{"href":"https:\/\/www.esteri.it\/it\/wp-json\/wp\/v2\/posts"}],"about":[{"href":"https:\/\/www.esteri.it\/it\/wp-json\/wp\/v2\/types\/post"}],"author":[{"embeddable":true,"href":"https:\/\/www.esteri.it\/it\/wp-json\/wp\/v2\/users\/1"}],"replies":[{"embeddable":true,"href":"https:\/\/www.esteri.it\/it\/wp-json\/wp\/v2\/comments?post=19986"}],"version-history":[{"count":0,"href":"https:\/\/www.esteri.it\/it\/wp-json\/wp\/v2\/posts\/19986\/revisions"}],"wp:attachment":[{"href":"https:\/\/www.esteri.it\/it\/wp-json\/wp\/v2\/media?parent=19986"}],"wp:term":[{"taxonomy":"category","embeddable":true,"href":"https:\/\/www.esteri.it\/it\/wp-json\/wp\/v2\/categories?post=19986"},{"taxonomy":"post_tag","embeddable":true,"href":"https:\/\/www.esteri.it\/it\/wp-json\/wp\/v2\/tags?post=19986"}],"curies":[{"name":"wp","href":"https:\/\/api.w.org\/{rel}","templated":true}]}}