{"id":19992,"date":"2012-05-09T15:42:55","date_gmt":"2012-05-09T13:42:55","guid":{"rendered":"https:\/\/www.esteri.it\/sala_stampa\/archivionotizie\/comunicati\/2012\/05\/20120509_econimeg\/"},"modified":"2012-05-09T15:42:55","modified_gmt":"2012-05-09T13:42:55","slug":"20120509_econimeg","status":"publish","type":"post","link":"https:\/\/www.esteri.it\/it\/sala_stampa\/archivionotizie\/approfondimenti\/2012\/05\/20120509_econimeg\/","title":{"rendered":"PAESI BASSI &#8211; Umberto Eco riceve medaglia &#8216;Trattato di Nimega&#8217; per contributo a riflessione su Europa"},"content":{"rendered":"<p><P>La citt\u00e0 olandese di Nimega rende omaggio a Umberto Eco, conferendogli un importante riconoscimento internazionale, la Medaglia &#8220;Trattato di Nimega&#8221;, per il suo contributo alla riflessione sui destini dell\u2019Europa. La cerimonia si \u00e8 svolta lo scorso 7 maggio, presso la St. Stevenskerk alla presenza, tra gli altri, del Ministro per le politiche comunitarie, Knapen e del Presidente del Senato olandese, de Graaf. <\/P><br \/>\n<P>L&#8217;iniziativa \u00e8 stata promossa congiuntamente dalla Municipalit\u00e0 e dall&#8217;Universit\u00e0 di Nimega, con il sostegno del Ministero degli Esteri olandese. La medaglia viene riconosciuta su base biennale e si ispira agli ideali che tra il 1678 ed il 1679 misero fine alla guerra d\u2019Olanda e che prendono il nome dalla cittadina olandese, la pi\u00f9 antica del Paese. La prima medaglia \u00e8 stata riconosciuta nel 2010 a Jacques Delors.<\/P><br \/>\n<P><STRONG>Europa e integrazione<\/STRONG><\/P><br \/>\n<P>Dopo un&#8217;ampia disamina da parte dei rappresentanti dell&#8217;Universit\u00e0 di Nimega degli studi condotti dall&#8217;illustre accademico nel campo della semiotica, il discorso del Prof. Eco si \u00e8 incentrato sulle tematiche europee, con un&#8217;enfasi particolare sulle problematiche legate all&#8217;integrazione, tema particolarmente sentito nei Paesi Bassi. <\/P><br \/>\n<P>La scelta \u00e8 stata particolarmente apprezzata dal Ministro Knapen, che nel suo &#8220;laudatory speech&#8221; ha pi\u00f9 volte ricordato il contributo del Prof. Eco alla riflessione sui destini dell&#8217;Europa. Prendendo spunto da un passaggio del discorso dell&#8217;accademico italiano (&#8220;L&#8217;Europa \u00e8 indivisibile, ma non diventer\u00e0 mai gli Stati Uniti dell&#8217;Europa; semplicemente perch\u00e9 il nostro continente comprende troppe lingue e culture e perch\u00e9 l&#8217;identit\u00e0 nazionale ha forti radici nella gente&#8221;), Knapen ha quindi ribadito la centralit\u00e0 del concetto di Stato Nazione, a suo dire pi\u00f9 caro ai cittadini, che agli analisti politici. <\/P><br \/>\n<P>Il Sindaco di Nimega, Dijkstra, ha inoltre ricordato il contributo sociale e culturale apportato dalla collettivit\u00e0 italiana ivi residente, manifestando anche vivo apprezzamento per la partecipazione dell\u2019Ambasciata italiana all&#8217;evento.<\/P><\/p>\n","protected":false},"excerpt":{"rendered":"La citt\u00e0 olandese di Nimega rende omaggio a Umberto Eco, conferendogli un importante riconoscimento internazionale, la Medaglia &#8220;Trattato di Nimega&#8221;, per il suo contributo alla riflessione sui destini dell\u2019Europa. La cerimonia si \u00e8 svolta lo scorso 7 maggio, presso la St. Stevenskerk alla presenza, tra gli altri, del Ministro per le politiche comunitarie, Knapen e [&hellip;]","protected":false},"author":1,"featured_media":0,"comment_status":"","ping_status":"","sticky":false,"template":"","format":"standard","meta":{"footnotes":""},"categories":[2],"tags":[32,9,42],"class_list":["post-19992","post","type-post","status-publish","format-standard","hentry","category-approfondimenti","tag-diplomazia-culturale","tag-europa","tag-unione-europea"],"_links":{"self":[{"href":"https:\/\/www.esteri.it\/it\/wp-json\/wp\/v2\/posts\/19992","targetHints":{"allow":["GET"]}}],"collection":[{"href":"https:\/\/www.esteri.it\/it\/wp-json\/wp\/v2\/posts"}],"about":[{"href":"https:\/\/www.esteri.it\/it\/wp-json\/wp\/v2\/types\/post"}],"author":[{"embeddable":true,"href":"https:\/\/www.esteri.it\/it\/wp-json\/wp\/v2\/users\/1"}],"replies":[{"embeddable":true,"href":"https:\/\/www.esteri.it\/it\/wp-json\/wp\/v2\/comments?post=19992"}],"version-history":[{"count":0,"href":"https:\/\/www.esteri.it\/it\/wp-json\/wp\/v2\/posts\/19992\/revisions"}],"wp:attachment":[{"href":"https:\/\/www.esteri.it\/it\/wp-json\/wp\/v2\/media?parent=19992"}],"wp:term":[{"taxonomy":"category","embeddable":true,"href":"https:\/\/www.esteri.it\/it\/wp-json\/wp\/v2\/categories?post=19992"},{"taxonomy":"post_tag","embeddable":true,"href":"https:\/\/www.esteri.it\/it\/wp-json\/wp\/v2\/tags?post=19992"}],"curies":[{"name":"wp","href":"https:\/\/api.w.org\/{rel}","templated":true}]}}