{"id":20015,"date":"2012-05-07T15:05:25","date_gmt":"2012-05-07T13:05:25","guid":{"rendered":"https:\/\/www.esteri.it\/sala_stampa\/archivionotizie\/comunicati\/2012\/05\/20120507_libertareligiosa\/"},"modified":"2012-05-07T15:05:25","modified_gmt":"2012-05-07T13:05:25","slug":"20120507_libertareligiosa","status":"publish","type":"post","link":"https:\/\/www.esteri.it\/it\/sala_stampa\/archivionotizie\/approfondimenti\/2012\/05\/20120507_libertareligiosa\/","title":{"rendered":"Libert\u00e0 religiosa in Europa e Italia, incontro con gli studenti alla Farnesina (8 maggio)"},"content":{"rendered":"<p><P>Approfondire il dibattito sulla libert\u00e0 religiosa e le societ\u00e0 multiculturali in Europa ed in Italia: \u00e8 l\u2019obiettivo di un incontro in programma l\u20198 maggio alla Farnesina, a cui interverranno Riccardo Pacifici, Presidente della Comunit\u00e0 Ebraica di Roma, Abdellah Redouane, Segretario Generale del Centro Islamico culturale di Roma, Yahya Pallavicini, Vice-Presidente del COREIS (Comunit\u00e0 Religiosa Islamica), il Prof. Paolo Naso dell\u2019Universit\u00e0 di Roma \u201cLa Sapienza\u201d, la Dott.ssa Ginella Vocca &#8211; Presidente dell\u2019EuroMed Film Festival e, in qualit\u00e0 di moderatore, il Presidente del Comitato Interministeriale per i Diritti Umani presso il MAE, Diego Brasioli.<\/P><br \/>\n<P><STRONG>La difesa e la promozione della libert\u00e0 di religione<\/STRONG><\/P><br \/>\n<P>Quello della libert\u00e0 di religione e di credo \u00e8 un tema di grande attualit\u00e0, alla luce dei numerosi episodi di violenza settaria che purtroppo continuano a colpire diverse minoranze religiose, prevalentemente cristiane, in Africa, in Medio Oriente e in Asia, con un evidente impatto destabilizzante sulla sicurezza globale. La difesa e la promozione della libert\u00e0 di religione assumono quindi una rilevanza fondamentale, e l\u2019Italia li sostiene in maniera convinta e determinata, anche a livello europeo. Il nostro Paese propugna infatti un impegno pi\u00f9 concreto da parte delle strutture europee, attraverso, ad esempio, un utilizzo mirato delle risorse finanziarie dell\u2019Unione che favorisca il dialogo interculturale e inter-religioso e sostenga le comunit\u00e0 colpite da attacchi o da discriminazioni. <\/P><br \/>\n<P><STRONG>Ciclo di incontri: &#8220;Diritti Umani, dalla teoria alla pratica&#8221;<\/STRONG><\/P><br \/>\n<P>L\u2019incontro dell\u20198 maggio intende contribuire ad approfondire il dibattito su tale tema, e si inserisce nel quadro del ciclo \u201cI Diritti Umani: dalla teoria alla pratica\u201d, destinato agli studenti delle lauree magistrali delle principali Universit\u00e0 romane (La Sapienza, Roma Tre, Tor Vergata, Luiss, S.Pio V, LUMSA), inaugurato il 13 marzo 2012 presso la Farnesina, alla presenza del Ministro del Lavoro Elsa Fornero e del Sottosegretario agli Esteri Marta Dass\u00f9. L\u2019evento \u00e8 organizzato dal CIDU (Comitato Interministeriale per i Diritti Umani, operativo presso il MAE) in collaborazione con il Comitato per la Promozione e Protezione dei Diritti Umani (una delle principali reti di organizzazioni non governative italiane attive nel settore dei Diritti fondamentali).<\/P><br \/>\n<P>L\u2019iniziativa aveva preso l\u2019avvio con un primo ciclo di incontri, tenutosi tra ottobre e dicembre 2011, e ha visto finora la partecipazione di oltre 160 studenti, ottenendo grande successo tra i giovani e tra le Universit\u00e0 partner dell\u2019iniziativa. Il progetto verr\u00e0 inoltre presentato nell\u2019ambito del FORUM PA 2012, che si tiene presso la Nuova Fiera di Roma dal 16 al 19 maggio. <\/P><br \/>\n<P><STRONG>Dibattito interattivo tra relatori e studenti<\/STRONG><\/P>Con una formula innovativa, ciascun ciclo di incontri prevede la presenza tra i relatori, oltre che di professori e ricercatori accademici, di politici, funzionari governativi, cos\u00ec come di funzionari di Organizzazioni internazionali, rappresentanti di ONG, esponenti della societ\u00e0 civile e del mondo della cultura. Ampio spazio viene destinato al dibattito interattivo tra relatori e studenti. Gli incontri, di quattro ore ciascuno, si svolgono con cadenza quindicinale, e trattano temi quali la non discriminazione, l\u2019immigrazione, contrasto alla violenza, alla tratta e allo sfruttamento ai danni di donne e minori, la strategia italiana verso l\u2019integrazione di Rom e Sinti.<\/p>\n","protected":false},"excerpt":{"rendered":"Approfondire il dibattito sulla libert\u00e0 religiosa e le societ\u00e0 multiculturali in Europa ed in Italia: \u00e8 l\u2019obiettivo di un incontro in programma l\u20198 maggio alla Farnesina, a cui interverranno Riccardo Pacifici, Presidente della Comunit\u00e0 Ebraica di Roma, Abdellah Redouane, Segretario Generale del Centro Islamico culturale di Roma, Yahya Pallavicini, Vice-Presidente del COREIS (Comunit\u00e0 Religiosa Islamica), [&hellip;]","protected":false},"author":1,"featured_media":0,"comment_status":"","ping_status":"","sticky":false,"template":"","format":"standard","meta":{"footnotes":""},"categories":[2],"tags":[31,43,6,42,399],"class_list":["post-20015","post","type-post","status-publish","format-standard","hentry","category-approfondimenti","tag-africa","tag-diritti-umani","tag-mediterraneo-e-medio-oriente","tag-unione-europea","tag-vice-ministri-e-sottosegretari-precedenti"],"_links":{"self":[{"href":"https:\/\/www.esteri.it\/it\/wp-json\/wp\/v2\/posts\/20015","targetHints":{"allow":["GET"]}}],"collection":[{"href":"https:\/\/www.esteri.it\/it\/wp-json\/wp\/v2\/posts"}],"about":[{"href":"https:\/\/www.esteri.it\/it\/wp-json\/wp\/v2\/types\/post"}],"author":[{"embeddable":true,"href":"https:\/\/www.esteri.it\/it\/wp-json\/wp\/v2\/users\/1"}],"replies":[{"embeddable":true,"href":"https:\/\/www.esteri.it\/it\/wp-json\/wp\/v2\/comments?post=20015"}],"version-history":[{"count":0,"href":"https:\/\/www.esteri.it\/it\/wp-json\/wp\/v2\/posts\/20015\/revisions"}],"wp:attachment":[{"href":"https:\/\/www.esteri.it\/it\/wp-json\/wp\/v2\/media?parent=20015"}],"wp:term":[{"taxonomy":"category","embeddable":true,"href":"https:\/\/www.esteri.it\/it\/wp-json\/wp\/v2\/categories?post=20015"},{"taxonomy":"post_tag","embeddable":true,"href":"https:\/\/www.esteri.it\/it\/wp-json\/wp\/v2\/tags?post=20015"}],"curies":[{"name":"wp","href":"https:\/\/api.w.org\/{rel}","templated":true}]}}