{"id":20019,"date":"2012-05-07T14:36:57","date_gmt":"2012-05-07T12:36:57","guid":{"rendered":"https:\/\/www.esteri.it\/sala_stampa\/archivionotizie\/comunicati\/2012\/05\/20120507_losangeles\/"},"modified":"2012-05-07T14:36:57","modified_gmt":"2012-05-07T12:36:57","slug":"20120507_losangeles","status":"publish","type":"post","link":"https:\/\/www.esteri.it\/it\/sala_stampa\/archivionotizie\/approfondimenti\/2012\/05\/20120507_losangeles\/","title":{"rendered":"Los Angeles: il mese italiano della scienza"},"content":{"rendered":"<p><P>Dall\u20198 maggio al 7 giugno l\u2019Istituto Italiano di Cultura di Los Angeles ospiter\u00e0 \u201c150 anni di genio italiano\u201d, mostra itinerante curata dalla Fondazione Rosselli che propone le maggiori scoperte scientifiche dall\u2019anno dell\u2019unificazione d\u2019Italia ai nostri giorni evidenziandone l\u2019apporto sulla qualit\u00e0 della nostra vita quotidiana. <\/P><br \/>\n<P><STRONG>Mese italiano della Scienza<\/STRONG><\/P><br \/>\n<P>L\u2019Istituto, associato al Consolato Generale e all\u2019ISSNAF (Italian Scientists and Scholars in North America Foundation), ha inoltre voluto creare nel periodo dell\u2019esposizione un \u201cMese italiano della Scienza\u201d, ossia un contenitore di eventi per esaltare il contributo dell\u2019Italia alla ricerca scientifica internazionale attraverso la presentazione non solo delle eccellenze italiane nei vari settori, ma anche di numerose personalit\u00e0 di spicco che lavorano nella West Coast. <\/P><br \/>\n<P><STRONG>Scienza, tecnologia e umanesimo<\/STRONG><\/P><br \/>\n<P>La giornata inaugurale del Mese, oltre all\u2019apertura della mostra introdotta dal suo curatore scientifico Riccardo Viale e alla proiezione del filmato \u201cL\u2019Italia del futuro\u201d di Alberto Angela, registra la presenza di Massimo Piattelli Palmarini, professore di scienze cognitive presso la University of Arizona, e di Vanda Monaco, direttrice artistica della Relational Medicine Foundation, che parleranno delle interazioni tra neurofisiologia e uso del linguaggio, medicina e teatro nell\u2019ambito di un rapporto tra scienza\/tecnologia e umanesimo. Lo stesso giorno il prof. Carlo Pedretti porter\u00e0 un suo contributo su Leonardo da Vinci, di cui \u00e8 considerato una delle massime autorit\u00e0 viventi. <\/P><br \/>\n<P>Nell\u2019ambito della medicina il 16 maggio sar\u00e0 realizzata una serata di beneficenza in collaborazione con l\u2019associazione \u201cUn vero Sorriso\u201d, a favore della ricerca su una rara malattia degenerativa chiamata A-T (Atassia Telangiectasia) alla presenza del dr. Richard Gatti, ricercatore presso la UCLA.<\/P><br \/>\n<P>Il 22 maggio vedr\u00e0 un evento alla memoria di Renato Dulbecco, con filmati e testimonianze sul premio Nobel recentemente scomparso. Il professore Vito Campese, Primario di Nefrologia, USC e presidente dell\u2019ISSNAF, moderer\u00e0 la tavola rotonda che vede la partecipazione eccezionale del Premio Nobel Louis J. Ignarro, professore di Farmacologia alla UCLA, insieme a quella di Armando E. Giuliano, Professore di Chirurgia, Samuel Oschin Comprehensive Cancer Institute e di Pier Lorenzo Puri, Professore presso il Sanford Children\u2019s Health Research Center. <\/P><br \/>\n<P><STRONG>Il futuro della ricerca italiana<\/STRONG><\/P>La serata conclusiva della manifestazione, prevista per il 7 giugno, lancer\u00e0 invece un messaggio di speranza nel futuro della ricerca italiana attraverso la partecipazione di giovani scienziati come Giovanni Pau, ricercatore presso il Dipartimento di Scienze informatiche della UCLA, in veste di moderatore; Laura Perin, Professore del Dipartimento di Urologia della Keck School of Medicine della USC; Chiara Daraio e Simona Bordoni, rispettivamente Professore di aeronautica e fisica applicata e Professore di Scienze Ambientali ed Ingegneria presso il California Institute of Technology; Marisa Roberto, Professore Associato presso lo Scripps Research Institute e vincitrice del premio PECASE (Presidential Early Career Award for Scientists and Engineers) 2008; Flavia Sparacino, fondatrice di \u201cSensing Spaces\u201d che commercializza alcuni brevetti da lei ottenuti durante gli studi al MIT.<\/p>\n","protected":false},"excerpt":{"rendered":"Dall\u20198 maggio al 7 giugno l\u2019Istituto Italiano di Cultura di Los Angeles ospiter\u00e0 \u201c150 anni di genio italiano\u201d, mostra itinerante curata dalla Fondazione Rosselli che propone le maggiori scoperte scientifiche dall\u2019anno dell\u2019unificazione d\u2019Italia ai nostri giorni evidenziandone l\u2019apporto sulla qualit\u00e0 della nostra vita quotidiana. Mese italiano della Scienza L\u2019Istituto, associato al Consolato Generale e all\u2019ISSNAF [&hellip;]","protected":false},"author":1,"featured_media":0,"comment_status":"","ping_status":"","sticky":false,"template":"","format":"standard","meta":{"footnotes":""},"categories":[2],"tags":[397,32,7,66],"class_list":["post-20019","post","type-post","status-publish","format-standard","hentry","category-approfondimenti","tag-america-settentrionale","tag-diplomazia-culturale","tag-italiani-nel-mondo","tag-opportunita"],"_links":{"self":[{"href":"https:\/\/www.esteri.it\/it\/wp-json\/wp\/v2\/posts\/20019","targetHints":{"allow":["GET"]}}],"collection":[{"href":"https:\/\/www.esteri.it\/it\/wp-json\/wp\/v2\/posts"}],"about":[{"href":"https:\/\/www.esteri.it\/it\/wp-json\/wp\/v2\/types\/post"}],"author":[{"embeddable":true,"href":"https:\/\/www.esteri.it\/it\/wp-json\/wp\/v2\/users\/1"}],"replies":[{"embeddable":true,"href":"https:\/\/www.esteri.it\/it\/wp-json\/wp\/v2\/comments?post=20019"}],"version-history":[{"count":0,"href":"https:\/\/www.esteri.it\/it\/wp-json\/wp\/v2\/posts\/20019\/revisions"}],"wp:attachment":[{"href":"https:\/\/www.esteri.it\/it\/wp-json\/wp\/v2\/media?parent=20019"}],"wp:term":[{"taxonomy":"category","embeddable":true,"href":"https:\/\/www.esteri.it\/it\/wp-json\/wp\/v2\/categories?post=20019"},{"taxonomy":"post_tag","embeddable":true,"href":"https:\/\/www.esteri.it\/it\/wp-json\/wp\/v2\/tags?post=20019"}],"curies":[{"name":"wp","href":"https:\/\/api.w.org\/{rel}","templated":true}]}}