{"id":20037,"date":"2012-05-03T14:24:10","date_gmt":"2012-05-03T12:24:10","guid":{"rendered":"https:\/\/www.esteri.it\/sala_stampa\/archivionotizie\/comunicati\/2012\/05\/20120503_praga\/"},"modified":"2012-05-03T14:24:10","modified_gmt":"2012-05-03T12:24:10","slug":"20120503_praga","status":"publish","type":"post","link":"https:\/\/www.esteri.it\/it\/sala_stampa\/archivionotizie\/approfondimenti\/2012\/05\/20120503_praga\/","title":{"rendered":"PRAGA: I profughi della valle di Ledro in Boemia, mostra fotografica"},"content":{"rendered":"<p><P>Il legame fra la comunit\u00e0 trentina di Ledro e i paesi della Boemia dai tempi della prima guerra mondiale \u00e8 il tema di una mostra fotografica in programma all\u2019Istituto Italiano di Cultura di Praga fino all\u201911 maggio. L\u2019esposizione racconta la drammatica evacuazione senza preavviso dei paesi ledrensi in seguito alla dichiarazione di guerra dell&#8217;Italia all&#8217;Austria-Ungheria nel maggio 1915, con la popolazione trentina che trov\u00f2 rifugio in Boemia. <\/P><br \/>\n<P>L\u00ec i profughi ledrensi rimasero per quasi quattro anni, fino al gennaio del 1919. Dopo un&#8217;iniziale diffidenza, nacque con la popolazione boema un&#8217;amicizia profonda, fatta anche di una fittissima corrispondenza fra le famiglie, che sopravvisse agli anni difficili del nazi-fascismo e del comunismo e che oggi, nell&#8217;ambito dell&#8217;Europa unita, \u00e8 ancora pi\u00f9 forte. <\/P><br \/>\n<P><STRONG>Straordinaria storia di amicizia e di solidariet\u00e0<\/STRONG><\/P><br \/>\n<P>&#8220;Quella descritta in queste fotografie \u00e8 una storia straordinaria di amicizia e di solidariet\u00e0 tra i popoli, in un momento cos\u00ec drammatico come quello della prima guerra mondiale. Ennesima testimonianza del calore e della fratellanza del popolo ceco&#8221;, ha detto l\u2019Ambasciatore italiano Pasquale D&#8217;Avino inaugurando la mostra. <\/P><br \/>\n<P>L&#8217;evento, sotto il coordinamento dell&#8217;Ambasciata d&#8217;Italia e dell&#8217;Istituto Italiano di Cultura, \u00e8 stato organizzato dal Comune di Ledro, dal Comitato Storico &#8220;Ludwig Riccabona&#8221;, dalle associazioni boeme &#8220;Amici di Ledro&#8221; e &#8220;Amici dell&#8217;Italia&#8221;, con il patrocinio della presidenza della Camera dei deputati, del Senato e della Regione della Boemia Centrale, e il sostegno della Kellner family Foundation. La mostra rester\u00e0 aperta fino all&#8217;11 maggio per poi essere trasferita nei vari comuni cechi gemellati con Ledro.<\/P><br \/>\n<P>\u00a0<\/P><\/p>\n","protected":false},"excerpt":{"rendered":"Il legame fra la comunit\u00e0 trentina di Ledro e i paesi della Boemia dai tempi della prima guerra mondiale \u00e8 il tema di una mostra fotografica in programma all\u2019Istituto Italiano di Cultura di Praga fino all\u201911 maggio. L\u2019esposizione racconta la drammatica evacuazione senza preavviso dei paesi ledrensi in seguito alla dichiarazione di guerra dell&#8217;Italia all&#8217;Austria-Ungheria [&hellip;]","protected":false},"author":1,"featured_media":0,"comment_status":"","ping_status":"","sticky":false,"template":"","format":"standard","meta":{"footnotes":""},"categories":[2],"tags":[32,9],"class_list":["post-20037","post","type-post","status-publish","format-standard","hentry","category-approfondimenti","tag-diplomazia-culturale","tag-europa"],"_links":{"self":[{"href":"https:\/\/www.esteri.it\/it\/wp-json\/wp\/v2\/posts\/20037","targetHints":{"allow":["GET"]}}],"collection":[{"href":"https:\/\/www.esteri.it\/it\/wp-json\/wp\/v2\/posts"}],"about":[{"href":"https:\/\/www.esteri.it\/it\/wp-json\/wp\/v2\/types\/post"}],"author":[{"embeddable":true,"href":"https:\/\/www.esteri.it\/it\/wp-json\/wp\/v2\/users\/1"}],"replies":[{"embeddable":true,"href":"https:\/\/www.esteri.it\/it\/wp-json\/wp\/v2\/comments?post=20037"}],"version-history":[{"count":0,"href":"https:\/\/www.esteri.it\/it\/wp-json\/wp\/v2\/posts\/20037\/revisions"}],"wp:attachment":[{"href":"https:\/\/www.esteri.it\/it\/wp-json\/wp\/v2\/media?parent=20037"}],"wp:term":[{"taxonomy":"category","embeddable":true,"href":"https:\/\/www.esteri.it\/it\/wp-json\/wp\/v2\/categories?post=20037"},{"taxonomy":"post_tag","embeddable":true,"href":"https:\/\/www.esteri.it\/it\/wp-json\/wp\/v2\/tags?post=20037"}],"curies":[{"name":"wp","href":"https:\/\/api.w.org\/{rel}","templated":true}]}}