{"id":20047,"date":"2012-05-03T08:59:34","date_gmt":"2012-05-03T06:59:34","guid":{"rendered":"https:\/\/www.esteri.it\/sala_stampa\/archivionotizie\/comunicati\/2012\/05\/20120503_longitude\/"},"modified":"2012-05-03T08:59:34","modified_gmt":"2012-05-03T06:59:34","slug":"20120503_longitude","status":"publish","type":"post","link":"https:\/\/www.esteri.it\/it\/sala_stampa\/archivionotizie\/approfondimenti\/2012\/05\/20120503_longitude\/","title":{"rendered":"Povert\u00e0: \u201cLongitude\u201d scopre un&#8217;inversione di tendenza"},"content":{"rendered":"<p><P>Gli analisti di \u201cLongitude\u201d, la rivista diretta da Pialuisa Bianco, nel nuovo numero dal 4 maggio in edicola, riescono a \u201cscoprire\u201d, sulla base di dati della Banca mondiale, che, a dispetto della crisi economica in Occidente, la povert\u00e0 diminuisce in modo esponenziale .Un&#8217;inversione di tendenza che fa ben sperare sul futuro delle sorti economiche globali. Cosi&#8217;, sotto il titolo (di copertina): \u201cJoining the club &#8211; teeing off from global poverty\u201d, campeggia l&#8217;immagine un po&#8217; &#8221;surreale&#8221; di due vietnamiti, padre e figlio, il cui padre insegna al figlio i primi rudimenti di golf come a &#8221;tirare il primo colpo per uscire fuori dalla povert\u00e0&#8221;, ovviamente in un contesto geografico del mondo dove i poveri continuano ad esistere. Una mappa dimostra, inoltre, che si \u00e8 passati dal 43 per cento al 22 per cento sotto la soglia di 1,25 centesimo di dollaro mentre in 100 anni la popolazione \u00e8 cresciuta in modo esponenziale e l&#8217;area di povert\u00e0 assoluta diminuita: a fronte di 7 miliardi, i poveri sono 1 miliardo; quando saremo 9 miliardi non ci sar\u00e0 quasi nessuno in area di povert\u00e0, anche se a causa del cambiamento di generazioni non sar\u00e0 mai abbattuta la povert\u00e0 come concetto.<\/P><br \/>\n<P><STRONG>La crisi dei conservatori in USA<\/STRONG><\/P><br \/>\n<P>L&#8217;altro titolo di copertina e&#8217; dedicato alla crisi dei conservatori degli Stati Uniti: tutte le loro difficolt\u00e0, originate anche dalla perdita di gran parte del loro patrimonio identitario, e alla ricerca di un candidato &#8221;utile&#8221; ad essere contrapposto ad Obama. Una componente non trascurabile della loro crisi \u00e8 anche rapportabile all&#8217;evoluzione demografica: il voto ispanico-latino, quello cattolico. Tra i servizi una ricostruzione storica delle tante e ripetute stagioni di crisi dei conservatori, dati per finiti e sempre, comunque, in piedi.<\/P><br \/>\n<P>L&#8217;editoriale del Direttore Bianco \u00e8 dedicato in questo numero al vertice della Nato a Chicago il 20 e 21 maggio: la situazione attuale dell&#8217;Alleanza, l&#8217;impegno in Afghanistan, le prospettive, i punti deboli.<\/P><br \/>\n<P><STRONG>Immagini di \u201cguerra civile\u201d dalla Siria e ballottaggio in Francia<\/STRONG><\/P><br \/>\n<P>Puntuale come sempre sugli eventi, questa volta l&#8217;obiettivo di &#8216;Longitude&#8217; \u00e8 puntato sulla Francia del &#8221;ballottaggio&#8221; presidenziale, che costituisce una parte preponderante di una giornata elettorale tutta europea: le presidenziali in Grecia, le amministrative in Italia.<\/P>Da sottolineare un originale e drammatico panorama di immagini di vita quotidiana nella &#8221;guerra civile&#8221; in Siria: famiglie in fuga dalle citt\u00e0 bombardate, bambini che giocano con addosso divise militari, profughi con il volto coperto per paura di essere riconosciuti, al confine con la Turchia. Un mondo umano che non appare nella ritualit\u00e0 della comunicazione di regime.<\/p>\n","protected":false},"excerpt":{"rendered":"Gli analisti di \u201cLongitude\u201d, la rivista diretta da Pialuisa Bianco, nel nuovo numero dal 4 maggio in edicola, riescono a \u201cscoprire\u201d, sulla base di dati della Banca mondiale, che, a dispetto della crisi economica in Occidente, la povert\u00e0 diminuisce in modo esponenziale .Un&#8217;inversione di tendenza che fa ben sperare sul futuro delle sorti economiche globali. [&hellip;]","protected":false},"author":1,"featured_media":0,"comment_status":"","ping_status":"","sticky":false,"template":"","format":"standard","meta":{"footnotes":""},"categories":[2],"tags":[31,45,6],"class_list":["post-20047","post","type-post","status-publish","format-standard","hentry","category-approfondimenti","tag-africa","tag-asia-e-oceania","tag-mediterraneo-e-medio-oriente"],"_links":{"self":[{"href":"https:\/\/www.esteri.it\/it\/wp-json\/wp\/v2\/posts\/20047","targetHints":{"allow":["GET"]}}],"collection":[{"href":"https:\/\/www.esteri.it\/it\/wp-json\/wp\/v2\/posts"}],"about":[{"href":"https:\/\/www.esteri.it\/it\/wp-json\/wp\/v2\/types\/post"}],"author":[{"embeddable":true,"href":"https:\/\/www.esteri.it\/it\/wp-json\/wp\/v2\/users\/1"}],"replies":[{"embeddable":true,"href":"https:\/\/www.esteri.it\/it\/wp-json\/wp\/v2\/comments?post=20047"}],"version-history":[{"count":0,"href":"https:\/\/www.esteri.it\/it\/wp-json\/wp\/v2\/posts\/20047\/revisions"}],"wp:attachment":[{"href":"https:\/\/www.esteri.it\/it\/wp-json\/wp\/v2\/media?parent=20047"}],"wp:term":[{"taxonomy":"category","embeddable":true,"href":"https:\/\/www.esteri.it\/it\/wp-json\/wp\/v2\/categories?post=20047"},{"taxonomy":"post_tag","embeddable":true,"href":"https:\/\/www.esteri.it\/it\/wp-json\/wp\/v2\/tags?post=20047"}],"curies":[{"name":"wp","href":"https:\/\/api.w.org\/{rel}","templated":true}]}}