{"id":20081,"date":"2012-04-26T14:10:29","date_gmt":"2012-04-26T12:10:29","guid":{"rendered":"https:\/\/www.esteri.it\/sala_stampa\/archivionotizie\/comunicati\/2012\/04\/20120426_iaibelgr\/"},"modified":"2012-04-26T14:10:29","modified_gmt":"2012-04-26T12:10:29","slug":"20120426_iaibelgr","status":"publish","type":"post","link":"https:\/\/www.esteri.it\/it\/sala_stampa\/archivionotizie\/approfondimenti\/2012\/04\/20120426_iaibelgr\/","title":{"rendered":"Iniziativa Adriatico-Ionica &#8211; Riunione presidenti parlamenti a Belgrado su rafforzamento cooperazione"},"content":{"rendered":"<p><P>Il rafforzamento e il miglioramento della cooperazione regionale nel bacino adriatico-balcanico, ai fini anche di una accelerazione del processo di integrazione europea, sono stati al centro della decima conferenza dei presidenti dei parlamenti dei paesi aderenti alla Iniziativa Adriatico-Ionica (IAI) svoltasi oggi a Belgrado sotto la presidenza di turno della Serbia.<\/P><br \/>\n<P><STRONG>Creazione di una Macroregione adriatico-ionica<\/STRONG><\/P><br \/>\n<P>Per l&#8217;Italia \u00e8 intervenuto l&#8217;on. Roberto Antonione, presidente della delegazione italiana presso l&#8217;Assemblea parlamentare dell&#8217;InCE, che ha ribadito il forte impegno del nostro paese a favore della piena integrazione dell&#8217;intera regione balcanica nell&#8217;Unione europea. Antonione ha al tempo stesso sottolineato l&#8217;azione dell&#8217;Italia a sostegno del progetto di creazione di una Macroregione adriatico-ionica che, ha detto, &#8220;pu\u00f2 rappresentare un fattore importante e decisivo di integrazione transnazionale, e agevolare ulteriormente l&#8217;ingresso di tutti gli stati dell&#8217;area nel contesto comunitario&#8221;.<\/P><br \/>\n<P><STRONG>Cooperazione regionale priorit\u00e0 politica estera Serbia<\/STRONG><\/P><br \/>\n<P><\/P><br \/>\n<P>A presiedere i lavori nella sede del parlamento di Belgrado \u00e8 stata Slavica Djukic-Dejanovic, il presidente dell&#8217;Assemblea che ha anche l&#8217;interim della presidenza della repubblica fino all&#8217;elezione di un nuovo capo dello stato in Serbia (il 6 maggio). La cooperazione regionale, ha detto Djukic-Dejanovic, \u00e8 una delle priorit\u00e0 della politica estera della Serbia, il cui obiettivo \u00e8 l&#8217;integrazione piena nella Ue. Ci\u00f2, ha aggiunto, sar\u00e0 un fattore di stabilit\u00e0 e sviluppo nell&#8217;area dei Balcani, e servir\u00e0 a migliorare le relazioni di buon vicinato fra i paesi della regione protagonisti della drammatica stagione dei conflitti degli anni novanta.<\/P>Alla conferenza \u00e8 intervenuto anche il segretario generale dell&#8217;organizzazione regionale, Fabio Pigliapoco. Il primo giugno prossimo la presidenza di turno dell&#8217;IAI passer\u00e0 dalla Serbia alla Slovenia, rappresentata alla riunione di Belgrado dal presidente del parlamento Gregori Virant. Della Iniziativa Adriatico-Ionica, costituita nel 2000, fanno parte Albania, Bosnia-Erzegovina, Montenegro, Croazia, Serbia, Slovenia, Grecia e Italia, gli ultimi tre paesi membri della Ue.<\/p>\n","protected":false},"excerpt":{"rendered":"Il rafforzamento e il miglioramento della cooperazione regionale nel bacino adriatico-balcanico, ai fini anche di una accelerazione del processo di integrazione europea, sono stati al centro della decima conferenza dei presidenti dei parlamenti dei paesi aderenti alla Iniziativa Adriatico-Ionica (IAI) svoltasi oggi a Belgrado sotto la presidenza di turno della Serbia. Creazione di una Macroregione [&hellip;]","protected":false},"author":1,"featured_media":0,"comment_status":"","ping_status":"","sticky":false,"template":"","format":"standard","meta":{"footnotes":""},"categories":[2],"tags":[32,9,42],"class_list":["post-20081","post","type-post","status-publish","format-standard","hentry","category-approfondimenti","tag-diplomazia-culturale","tag-europa","tag-unione-europea"],"_links":{"self":[{"href":"https:\/\/www.esteri.it\/it\/wp-json\/wp\/v2\/posts\/20081","targetHints":{"allow":["GET"]}}],"collection":[{"href":"https:\/\/www.esteri.it\/it\/wp-json\/wp\/v2\/posts"}],"about":[{"href":"https:\/\/www.esteri.it\/it\/wp-json\/wp\/v2\/types\/post"}],"author":[{"embeddable":true,"href":"https:\/\/www.esteri.it\/it\/wp-json\/wp\/v2\/users\/1"}],"replies":[{"embeddable":true,"href":"https:\/\/www.esteri.it\/it\/wp-json\/wp\/v2\/comments?post=20081"}],"version-history":[{"count":0,"href":"https:\/\/www.esteri.it\/it\/wp-json\/wp\/v2\/posts\/20081\/revisions"}],"wp:attachment":[{"href":"https:\/\/www.esteri.it\/it\/wp-json\/wp\/v2\/media?parent=20081"}],"wp:term":[{"taxonomy":"category","embeddable":true,"href":"https:\/\/www.esteri.it\/it\/wp-json\/wp\/v2\/categories?post=20081"},{"taxonomy":"post_tag","embeddable":true,"href":"https:\/\/www.esteri.it\/it\/wp-json\/wp\/v2\/tags?post=20081"}],"curies":[{"name":"wp","href":"https:\/\/api.w.org\/{rel}","templated":true}]}}