{"id":20137,"date":"2012-04-20T18:06:33","date_gmt":"2012-04-20T16:06:33","guid":{"rendered":"https:\/\/www.esteri.it\/sala_stampa\/archivionotizie\/comunicati\/2012\/04\/20120420_termyan\/"},"modified":"2012-04-20T18:06:33","modified_gmt":"2012-04-20T16:06:33","slug":"20120420_termyan","status":"publish","type":"post","link":"https:\/\/www.esteri.it\/it\/sala_stampa\/archivionotizie\/approfondimenti\/2012\/04\/20120420_termyan\/","title":{"rendered":"Terzi in Asia, nuovi mercati e investimenti in Italia &#8211; Tappa in Myanmar, sostegno a processo democratico"},"content":{"rendered":"<p><P><STRONG>23 aprile ore 14.00 &#8211; MYANMAR: UE sospende le sanzioni. &#8220;Ora rilasciare tutti i prigionieri politici&#8221;. Terzi, avanti con il processo di riforme<\/STRONG><\/P><br \/>\n<P>I ministri degli Esteri della Ue, riuniti a Lussemburgo (per l&#8217;Italia c&#8217;\u00e8 il Sottosegretario Marta Dass\u00f9) hanno deciso di sospendere per un anno le sanzioni imposte a Myanmar, con la sola eccezione dell&#8217;embargo di armi, ed ora attende da Myanmar &#8220;il rilascio incondizionato dei restanti prigionieri politici e la fine di tutte le restrizioni imposte a quelli gi\u00e0 liberati&#8221;. Il Ministro Giulio Terzi, che si trova in missione in Indonesia in attesa di andare in Myanmar, ha detto che la sospensione delle sanzioni &#8220;non \u00e8 qualcosa di irreversibile, deve essere piuttosto irreversibile il processo di riforme&#8221; avviato dal governo birmano.<\/P><br \/>\n<P>\u00a0<\/P><br \/>\n<P><\/STRONG><\/P><br \/>\n<P><STRONG>ore 13.00 &#8211; MARO\u2019: Ministro esteri Giakarta a Terzi: comunicheremo \u201cin modo appropriato\u201d all\u2019India la posizione dell\u2019Italia<\/STRONG><\/STRONG><\/STRONG><\/STRONG><\/P><br \/>\n<P>Sul caso dei mar\u00f2 &#8220;capisco le ragioni di entrambe le parti. Ho ascoltato la prospettiva italiana e auspico di poterla comunicare in modo appropriato, se pu\u00f2 essere utile all&#8217;altra parte&#8221;, cio\u00e9 all&#8217;India. Lo ha detto ai giornalisti il Ministro degli esteri indonesiano, Marty Natalegawa, dopo l&#8217;incontro con il collega Giulio Terzi.<\/P><br \/>\n<P>\u00a0<\/P><br \/>\n<P><STRONG>ore 11.00 &#8211; TERZI A GIAKARTA: Libert\u00e0 religiosa, per l&#8217;Italia \u00e8 priorit\u00e0. Pronti a lavorare con l&#8217;Indonesia per coesistenza fedi in regione<\/STRONG><\/STRONG><\/STRONG><\/P><br \/>\n<P>La difesa della libert\u00e0 di religione, il dialogo interreligioso e la tutela delle minoranze religiose sono \u201cper l&#8217;Italia una priorit\u00e0, un principio guida della nostra politica estera a tutti i livelli. Siamo pronti a lavorare fianco a fianco con l&#8217;Indonesia per incoraggiare la coesistenza religiosa nella regione\u201d.<\/P><br \/>\n<P><STRONG>Garantire la libert\u00e0 di culto in tutto il mondo<\/STRONG><\/STRONG><\/STRONG><\/P><br \/>\n<P>Lo ha detto il Ministro degli Esteri, Giulio Terzi, aprendo a Giakarta la conferenza italo-indonesiana sul dialogo interreligioso, ricordando che gli attacchi basati sulla religione \u201cnon sono confinati a una singola religione o una specifica regione nel mondo. E\u2019 nell&#8217;interesse della nostra sicurezza collettiva e stabilit\u00e0 che la libert\u00e0 di culto sia garantita in tutto il mondo, tenendo a mente i tre pilastri delle Nazioni Unite: pace, sviluppo e diritti umani\u201d, ha aggiunto il titolare della Farnesina che oggi a Giakarta incontra il collega indonesiano R.M. Marty Natalegawa. Tra i temi in agenda dell&#8217;incontro bilaterale, oltre ai rapporti economici tra i due Paesi (il Ministro \u00e8 accompagnato da una delegazione di imprenditori), anche la lotta al terrorismo e alla pirateria.<\/P><br \/>\n<P>\u00a0<\/P><br \/>\n<P><STRONG>20 aprile &#8211; TERZI IN ASIA, nuovi mercati e investimenti in Italia &#8211; Tappa in Myanmar, sostegno a processo democratico<\/STRONG><\/STRONG><\/STRONG><\/P><br \/>\n<P>Il Ministro Giulio Terzi torna in Asia per ribadire \u201cla centralit\u00e0\u201d per l&#8217;Italia della regione del sudest asiatico e con l\u2019impegno di aprire nuovi mercati per le imprese italiane e attirare nuovi investimenti da quella regione verso l&#8217;Italia. Dopo le recenti visite in India, Singapore e Vietnam, Terzi sar\u00e0 dunque in Indonesia,Myanmar e Brunei, dal 23 al 28 aprile, accompagnato da una \u201cdelegazione di grandi imprese\u201d.<\/P><br \/>\n<P><STRONG>Indonesia, prima comunit\u00e0 islamica al mondo<\/STRONG><\/STRONG><\/STRONG><\/STRONG><\/P><br \/>\n<P>Prima tappa a Giacarta dove il Ministro avr\u00e0 una serie di incontri bilaterali. \u201cL&#8217;Indonesia, prima comunit\u00e0 islamica al mondo, \u00e8 molto importante anche sul piano politico\u201d, ha spiegato Giuseppe Manzo, portavoce della Farnesina, annunciando che Terzi parteciper\u00e0 alla Conferenza internazionale sul dialogo interreligioso con la Comunit\u00e0 di Sant&#8217;Egidio, &#8220;un tema a noi molto caro, e su cui Terzi \u00e8 molto impegnato&#8221;.<\/P><br \/>\n<P><STRONG>Myanmar<\/STRONG><\/STRONG><\/STRONG><\/STRONG><\/P><br \/>\n<P>Dal 24 al 26 aprile il capo della diplomazia si sposter\u00e0 in Myanmar per quella che viene definita una visita \u201cmolto attesa\u201d, accompagnato dall&#8217;ex inviato Ue Piero Fassino, l&#8217;attuale sindaco di Torino. Terzi, arriver\u00e0 nel paese all&#8217;indomani della riunione dei ministri degli Esteri dell&#8217;Ue, il 23 a Bruxelles, nella quale sono attese decisioni sul regime sanzionatorio in Myanmar alla luce degli sviluppi seguiti alle aperture del governo. L&#8217;Italia si \u00e8 molto impegnata nel processo di allentamento delle sanzioni per riconoscere i passi avanti sulla strada del processo democratico. I ministri degli Esteri dell\u2019Ue dovrebbero dare il via libera a quello che viene definito un \u201caccordo di principio\u201d gi\u00e0 raggiunto per la sospensione di tutte le sanzioni imposte alla vecchia giunta militare, con la sola eccezione dell\u2019embargo di armi. L\u2019accordo segue di pochi giorni l&#8217;annuncio degli Usa, sulla revoca parziale delle misure restrittive contro il Paese, e quello dell&#8217;Australia che ha deciso di sospendere le sanzioni contro il Presidente Thein Sein e 261 altri responsabili, finora sottoposti a restrizioni di viaggio e finanziarie. Le sanzioni europee, che scadono a fine mese, includono il blocco dei visti e dei beni per 491 personalit\u00e0, legate alla vecchia giunta, e contro 59 societ\u00e0 ed organizzazioni. Restrizioni commerciali sono inoltre imposte ad almeno 800 imprese, attive soprattutto nei settori del legno, delle pietre preziose e delle miniere.<\/P><br \/>\n<P>Anche in Myanmar le imprese italiane sono interessate all'&#8221;accesso alle gare d&#8217;appalto in un Paese da ricostruire\u201d, in particolare nel settore delle infrastrutture e dell&#8217;energia. La visita fa infatti seguito all&#8217;incontro di alcune settimane fa a Roma con il viceministro degli Esteri birmano Myo Mynt che ha anticipato le intenzioni del suo governo di creare un ambiente favorevole agli investimenti esteri.<\/P><br \/>\n<P><STRONG>UE-Asean<\/STRONG><\/STRONG><\/STRONG><\/STRONG><\/P><br \/>\n<P>La missione di Terzi si concluder\u00e0 in Brunei dove parteciper\u00e0 al vertice dei ministri degli Esteri Ue-Asean. L&#8217;Asean \u00e8 &#8220;un organismo politico ma anche economico molto importante che rappresenta per le imprese italiane un mercato da 600 milioni di persone&#8221;, ha detto Manzo ricordando il recente Asean Awareness Forum che si \u00e8 tenuto alla Farnesina il 22 marzo.<\/P><\/p>\n","protected":false},"excerpt":{"rendered":"23 aprile ore 14.00 &#8211; MYANMAR: UE sospende le sanzioni. &#8220;Ora rilasciare tutti i prigionieri politici&#8221;. Terzi, avanti con il processo di riforme I ministri degli Esteri della Ue, riuniti a Lussemburgo (per l&#8217;Italia c&#8217;\u00e8 il Sottosegretario Marta Dass\u00f9) hanno deciso di sospendere per un anno le sanzioni imposte a Myanmar, con la sola eccezione [&hellip;]","protected":false},"author":1,"featured_media":0,"comment_status":"","ping_status":"","sticky":false,"template":"","format":"standard","meta":{"footnotes":""},"categories":[2],"tags":[45,3,43],"class_list":["post-20137","post","type-post","status-publish","format-standard","hentry","category-approfondimenti","tag-asia-e-oceania","tag-diplomazia-economica","tag-diritti-umani"],"_links":{"self":[{"href":"https:\/\/www.esteri.it\/it\/wp-json\/wp\/v2\/posts\/20137","targetHints":{"allow":["GET"]}}],"collection":[{"href":"https:\/\/www.esteri.it\/it\/wp-json\/wp\/v2\/posts"}],"about":[{"href":"https:\/\/www.esteri.it\/it\/wp-json\/wp\/v2\/types\/post"}],"author":[{"embeddable":true,"href":"https:\/\/www.esteri.it\/it\/wp-json\/wp\/v2\/users\/1"}],"replies":[{"embeddable":true,"href":"https:\/\/www.esteri.it\/it\/wp-json\/wp\/v2\/comments?post=20137"}],"version-history":[{"count":0,"href":"https:\/\/www.esteri.it\/it\/wp-json\/wp\/v2\/posts\/20137\/revisions"}],"wp:attachment":[{"href":"https:\/\/www.esteri.it\/it\/wp-json\/wp\/v2\/media?parent=20137"}],"wp:term":[{"taxonomy":"category","embeddable":true,"href":"https:\/\/www.esteri.it\/it\/wp-json\/wp\/v2\/categories?post=20137"},{"taxonomy":"post_tag","embeddable":true,"href":"https:\/\/www.esteri.it\/it\/wp-json\/wp\/v2\/tags?post=20137"}],"curies":[{"name":"wp","href":"https:\/\/api.w.org\/{rel}","templated":true}]}}