{"id":20187,"date":"2012-04-17T14:59:16","date_gmt":"2012-04-17T12:59:16","guid":{"rendered":"https:\/\/www.esteri.it\/sala_stampa\/archivionotizie\/comunicati\/2012\/04\/20120417_gaetanomartino\/"},"modified":"2012-04-17T14:59:16","modified_gmt":"2012-04-17T12:59:16","slug":"20120417_gaetanomartino","status":"publish","type":"post","link":"https:\/\/www.esteri.it\/it\/sala_stampa\/archivionotizie\/approfondimenti\/2012\/04\/20120417_gaetanomartino\/","title":{"rendered":"La visione europea di Gaetano Martino, conferenza"},"content":{"rendered":"<p><P>Gaetano Martino: La Visione Europea ed il Progetto di un&#8217;Universit\u00e0 per l&#8217;Europa&#8217; \u00e8 il titolo di una conferenza in programma a Badia Fiesolana il 19 aprile dedicata al politico italiano tra i protagonisti del rilancio europeo a met\u00e0 degli anni Cinquanta. <\/P><br \/>\n<P><STRONG>&#8220;Comune eredit\u00e0 culturale e storica fondamento dell&#8217;unit\u00e0 europea&#8221;<\/STRONG><\/P><br \/>\n<P>Martino, uno dei primi sostenitori di una universit\u00e0 europea, riconobbe come la cooperazione culturale fosse fondamentale per la libert\u00e0 di educazione e per lo sviluppo di una coscienza europea. Egli vide nella comune eredit\u00e0 culturale e storica del vecchio continente il vero fondamento dell\u2019unit\u00e0 europea. <\/P>Alla conferenza, organizzata dallo European University Institute (EUI), parteciperanno i professori Angela Villani e Marcello Saja (Universit\u00e0 di Messina), Jean-Marie Palayret (direttore degli Archivi Storici dell\u2019Unione Europea, EUI), il professor Antonio Varsori (Universit\u00e0 di Padova), il professor Federico Romero (EUI). Prima dell\u2019inizio dei lavori verr\u00e0 proiettato il documentario di Beppe Cino, \u201cLo Spirito dell\u2019Europa\u201d, prodotto da RAI International.<\/p>\n","protected":false},"excerpt":{"rendered":"Gaetano Martino: La Visione Europea ed il Progetto di un&#8217;Universit\u00e0 per l&#8217;Europa&#8217; \u00e8 il titolo di una conferenza in programma a Badia Fiesolana il 19 aprile dedicata al politico italiano tra i protagonisti del rilancio europeo a met\u00e0 degli anni Cinquanta. &#8220;Comune eredit\u00e0 culturale e storica fondamento dell&#8217;unit\u00e0 europea&#8221; Martino, uno dei primi sostenitori di [&hellip;]","protected":false},"author":1,"featured_media":0,"comment_status":"","ping_status":"","sticky":false,"template":"","format":"standard","meta":{"footnotes":""},"categories":[2],"tags":[32,9,42],"class_list":["post-20187","post","type-post","status-publish","format-standard","hentry","category-approfondimenti","tag-diplomazia-culturale","tag-europa","tag-unione-europea"],"_links":{"self":[{"href":"https:\/\/www.esteri.it\/it\/wp-json\/wp\/v2\/posts\/20187","targetHints":{"allow":["GET"]}}],"collection":[{"href":"https:\/\/www.esteri.it\/it\/wp-json\/wp\/v2\/posts"}],"about":[{"href":"https:\/\/www.esteri.it\/it\/wp-json\/wp\/v2\/types\/post"}],"author":[{"embeddable":true,"href":"https:\/\/www.esteri.it\/it\/wp-json\/wp\/v2\/users\/1"}],"replies":[{"embeddable":true,"href":"https:\/\/www.esteri.it\/it\/wp-json\/wp\/v2\/comments?post=20187"}],"version-history":[{"count":0,"href":"https:\/\/www.esteri.it\/it\/wp-json\/wp\/v2\/posts\/20187\/revisions"}],"wp:attachment":[{"href":"https:\/\/www.esteri.it\/it\/wp-json\/wp\/v2\/media?parent=20187"}],"wp:term":[{"taxonomy":"category","embeddable":true,"href":"https:\/\/www.esteri.it\/it\/wp-json\/wp\/v2\/categories?post=20187"},{"taxonomy":"post_tag","embeddable":true,"href":"https:\/\/www.esteri.it\/it\/wp-json\/wp\/v2\/tags?post=20187"}],"curies":[{"name":"wp","href":"https:\/\/api.w.org\/{rel}","templated":true}]}}