{"id":20207,"date":"2012-04-13T16:27:40","date_gmt":"2012-04-13T14:27:40","guid":{"rendered":"https:\/\/www.esteri.it\/sala_stampa\/archivionotizie\/comunicati\/2012\/04\/20120413_duong\/"},"modified":"2012-04-13T16:27:40","modified_gmt":"2012-04-13T14:27:40","slug":"20120413_duong","status":"publish","type":"post","link":"https:\/\/www.esteri.it\/it\/sala_stampa\/archivionotizie\/approfondimenti\/2012\/04\/20120413_duong\/","title":{"rendered":"Tutela e promozione dei diritti umani: dialogo con le ONG"},"content":{"rendered":"<p><P>Si \u00e8 svolta il 12 aprile presso il Ministero degli Esteri una riunione con un gruppo di ONG e Associazioni attive in Italia nel campo della tutela e promozione dei diritti umani, dedicata alle prossime scadenze internazionali in materia di diritti umani, nell\u2019ambito soprattutto delle Nazioni Unite e dell\u2019Unione Europea.<\/P><br \/>\n<P>Si \u00e8 trattato di uno scambio d\u2019informazioni e valutazioni utile e costruttivo, per il quale tutti i partecipanti hanno espresso il loro sincero apprezzamento.<\/P><br \/>\n<P><STRONG>Le priorit\u00e0 italiane<\/STRONG><\/P><br \/>\n<P>Particolare attenzione \u00e8 stata dedicata alle tradizionali priorit\u00e0 italiane in questo settore, quali la tutela della libert\u00e0 di religione o di credo, la campagna internazionale contro la pena di morte, il contrasto alle mutilazioni genitali femminili, in vista delle iniziative incluse nell\u2019Agenda delle Organizzazioni Internazionali.<\/P><br \/>\n<P>E\u2019 stata inoltre citata la questione della creazione di un Commissione Nazionale Indipendente per i diritti umani, il cui disegno di legge istitutivo sta attualmente seguendo l\u2019iter parlamentare. <\/P><\/p>\n","protected":false},"excerpt":{"rendered":"Si \u00e8 svolta il 12 aprile presso il Ministero degli Esteri una riunione con un gruppo di ONG e Associazioni attive in Italia nel campo della tutela e promozione dei diritti umani, dedicata alle prossime scadenze internazionali in materia di diritti umani, nell\u2019ambito soprattutto delle Nazioni Unite e dell\u2019Unione Europea. Si \u00e8 trattato di uno [&hellip;]","protected":false},"author":1,"featured_media":0,"comment_status":"","ping_status":"","sticky":false,"template":"","format":"standard","meta":{"footnotes":""},"categories":[2],"tags":[43,42],"class_list":["post-20207","post","type-post","status-publish","format-standard","hentry","category-approfondimenti","tag-diritti-umani","tag-unione-europea"],"_links":{"self":[{"href":"https:\/\/www.esteri.it\/it\/wp-json\/wp\/v2\/posts\/20207","targetHints":{"allow":["GET"]}}],"collection":[{"href":"https:\/\/www.esteri.it\/it\/wp-json\/wp\/v2\/posts"}],"about":[{"href":"https:\/\/www.esteri.it\/it\/wp-json\/wp\/v2\/types\/post"}],"author":[{"embeddable":true,"href":"https:\/\/www.esteri.it\/it\/wp-json\/wp\/v2\/users\/1"}],"replies":[{"embeddable":true,"href":"https:\/\/www.esteri.it\/it\/wp-json\/wp\/v2\/comments?post=20207"}],"version-history":[{"count":0,"href":"https:\/\/www.esteri.it\/it\/wp-json\/wp\/v2\/posts\/20207\/revisions"}],"wp:attachment":[{"href":"https:\/\/www.esteri.it\/it\/wp-json\/wp\/v2\/media?parent=20207"}],"wp:term":[{"taxonomy":"category","embeddable":true,"href":"https:\/\/www.esteri.it\/it\/wp-json\/wp\/v2\/categories?post=20207"},{"taxonomy":"post_tag","embeddable":true,"href":"https:\/\/www.esteri.it\/it\/wp-json\/wp\/v2\/tags?post=20207"}],"curies":[{"name":"wp","href":"https:\/\/api.w.org\/{rel}","templated":true}]}}