{"id":2023,"date":"2020-06-29T18:11:05","date_gmt":"2020-06-29T16:11:05","guid":{"rendered":"https:\/\/www.esteri.it\/sala_stampa\/archivionotizie\/comunicati\/2020\/06\/incontro-del-min-di-maio-con-il-min-ungherese-szijjarto\/"},"modified":"2020-06-29T18:11:05","modified_gmt":"2020-06-29T16:11:05","slug":"incontro-del-min-di-maio-con-il-min-ungherese-szijjarto","status":"publish","type":"post","link":"https:\/\/www.esteri.it\/it\/sala_stampa\/archivionotizie\/comunicati\/2020\/06\/incontro-del-min-di-maio-con-il-min-ungherese-szijjarto\/","title":{"rendered":"Incontro del Ministro Di Maio con il Ministro degli Esteri ungherese Szijj\u00e1rt\u00f3"},"content":{"rendered":"<p>Si \u00e8 oggi svolto alla Farnesina l&#8217;incontro bilaterale del Ministro Di Maio con il Ministro degli Affari Esteri e del Commercio ungherese, P\u00e9ter Szijj\u00e1rt\u00f3, in visita in Italia.\u00a0<\/p>\n<p>Il Ministro Di Maio ha innanzitutto ringraziato il Ministro Szijj\u00e1rt\u00f3 per la solidariet\u00e0 dimostrata dal Governo ungherese che, nella fase pi\u00f9 acuta della crisi sanitaria, ha donato all&#8217;Italia 100.000 mascherine sanitarie e 5.000 tute protettive. Il Ministro Di Maio ha quindi accolto con favore la riapertura delle frontiere ungheresi dal 18 giugno scorso e la riattivazione dei voli diretti tra Italia e Ungheria, che potranno assicurare la mobilit\u00e0, i flussi turistici e la tutela della salute dei cittadini nel quadro omogeneo di regole chiare concordate al livello UE.<\/p>\n<p>Guardando alla ricostruzione post-Covid19, il Ministro Di Maio ha espresso al collega ungherese il forte auspicio che l&#8217;UE nel suo insieme accolga la sfida di mettere a disposizione degli Stati Membri un progetto ambizioso per la crescita che non lasci nessuno indietro. L&#8217;Italia considera adeguato il pacchetto di misure proposto della Commissione europea e il nostro Paese lavorer\u00e0 con il massimo impegno perch\u00e9 il negoziato sul Recovery Fund si concluda al pi\u00f9 presto con un accordo equo e condiviso.<\/p>\n<p>L&#8217;incontro ha permesso inoltre di confermare la convergenza di vedute tra Roma e Budapest in materia di allargamento ai Balcani Occidentali, accogliendo con favore la recente apertura dei negoziati ad Albania e Macedonia del Nord e l&#8217;auspicio che si registrino presto progressi anche per la Serbia e il Montenegro.<\/p>\n<p>Sul piano bilaterale, infine, i due Ministri hanno ricordato la solidit\u00e0 delle relazioni economico-commerciali, che vedono l&#8217;Italia tra i primi partner dell&#8217;Ungheria, con incoraggianti prospettive di ulteriore approfondimento.<\/p>\n","protected":false},"excerpt":{"rendered":"Si \u00e8 oggi svolto alla Farnesina l&#8217;incontro bilaterale del Ministro Di Maio con il Ministro degli Affari Esteri e del Commercio ungherese, P\u00e9ter Szijj\u00e1rt\u00f3, in visita in Italia.\u00a0 Il Ministro Di Maio ha innanzitutto ringraziato il Ministro Szijj\u00e1rt\u00f3 per la solidariet\u00e0 dimostrata dal Governo ungherese che, nella fase pi\u00f9 acuta della crisi sanitaria, ha donato [&hellip;]","protected":false},"author":1,"featured_media":0,"comment_status":"","ping_status":"","sticky":false,"template":"","format":"standard","meta":{"footnotes":""},"categories":[1],"tags":[37,76,42],"class_list":["post-2023","post","type-post","status-publish","format-standard","hentry","category-comunicati","tag-covid-19","tag-ministri-precedenti","tag-unione-europea"],"_links":{"self":[{"href":"https:\/\/www.esteri.it\/it\/wp-json\/wp\/v2\/posts\/2023","targetHints":{"allow":["GET"]}}],"collection":[{"href":"https:\/\/www.esteri.it\/it\/wp-json\/wp\/v2\/posts"}],"about":[{"href":"https:\/\/www.esteri.it\/it\/wp-json\/wp\/v2\/types\/post"}],"author":[{"embeddable":true,"href":"https:\/\/www.esteri.it\/it\/wp-json\/wp\/v2\/users\/1"}],"replies":[{"embeddable":true,"href":"https:\/\/www.esteri.it\/it\/wp-json\/wp\/v2\/comments?post=2023"}],"version-history":[{"count":0,"href":"https:\/\/www.esteri.it\/it\/wp-json\/wp\/v2\/posts\/2023\/revisions"}],"wp:attachment":[{"href":"https:\/\/www.esteri.it\/it\/wp-json\/wp\/v2\/media?parent=2023"}],"wp:term":[{"taxonomy":"category","embeddable":true,"href":"https:\/\/www.esteri.it\/it\/wp-json\/wp\/v2\/categories?post=2023"},{"taxonomy":"post_tag","embeddable":true,"href":"https:\/\/www.esteri.it\/it\/wp-json\/wp\/v2\/tags?post=2023"}],"curies":[{"name":"wp","href":"https:\/\/api.w.org\/{rel}","templated":true}]}}