{"id":20296,"date":"2012-04-03T11:24:06","date_gmt":"2012-04-03T09:24:06","guid":{"rendered":"https:\/\/www.esteri.it\/sala_stampa\/archivionotizie\/comunicati\/2012\/04\/20120403_myanmar\/"},"modified":"2012-04-03T11:24:06","modified_gmt":"2012-04-03T09:24:06","slug":"20120403_myanmar","status":"publish","type":"post","link":"https:\/\/www.esteri.it\/it\/sala_stampa\/archivionotizie\/approfondimenti\/2012\/04\/20120403_myanmar\/","title":{"rendered":"Myanmar: L\u2019Italia conferma la linea del dialogo, missione di Terzi dal 24 al 26 aprile"},"content":{"rendered":"<p><P>L\u2019Italia conferma la sua linea di dialogo con Yangon sostenuta anche in ambito europeo. Il Ministro Giulio Terzi, infatti, si recher\u00e0 in visita in Myanmar dal 24 al 26 aprile mentre il mondo occidentale e l\u2019Italia salutano &#8220;molto positivamente&#8221; l\u2019elezione di Aung San Suu Kyi al Parlamento birmano.<\/P><br \/>\n<P>&#8220;Vive congratulazioni&#8221; dal Presidente della Repubblica, Giorgio Napolitano, che in un messaggio inviato a Suu Kyi scrive: &#8220;\u00e9 un significativo risultato che premia i suoi messaggi ricchi di idealit\u00e0 e il suo tenace impegno per l&#8217;affermazione della democrazia e la tutela dei diritti umani nel suo Paese. La comunit\u00e0 internazionale incoraggia il Governo a proseguire con convinzione sulla strada del ripristino e della tutela delle libert\u00e0 fondamentali&#8221;.<\/P><br \/>\n<P><STRONG>L&#8217;UE tenga conto degli sviluppi<\/STRONG><\/P><br \/>\n<P>Il Ministro Terzi ha auspicato che la prossima riunione dei ministri degli esteri dell&#8217;Unione Europea &#8220;tenga conto concretamente di questo sviluppo molto positivo&#8221;, anche ai fini di un&#8217;ulteriore revisione del regime sanzionatorio nei confronti di Myanmar. &#8220;E&#8217; un momento storico per la causa della democrazia e un&#8217;opportunit\u00e0 unica per favorire una nuova apertura nei rapporti tra la comunit\u00e0 internazionale e Myanmar&#8221;, ha detto Terzi. <\/P><br \/>\n<P><STRONG>Vittoria schiacciante della Lega Nazionale per la democrazia<\/STRONG><\/P><br \/>\n<P>Il trionfo elettorale dell&#8217;opposizione con la schiacciante vittoria della Lega Nazionale per la democrazia, guidata da San Suu Kyi che ha portato in Parlamento almeno 40 deputati dell&#8217;opposizione, sui 45 seggi a disposizione, avvicina, con ogni probabilit\u00e0, l&#8217;alleggerimento delle sanzioni che l&#8217;Unione Europea applica verso Myanmar. Da Bruxelles, con il sostegno dell\u2019Italia, \u00e8 gi\u00e0 giunta una chiara indicazione dell&#8217;apprezzamento dell&#8217;Ue, i cui Ministri degli esteri si riuniranno il 23 aprile. &#8220;Ci sar\u00e0 un segnale positivo&#8221; del Consiglio agli Affari esteri, ha detto la portavoce di Catherine Ashton, l&#8217;Alto rappresentante per la politica estera e di sicurezza dell&#8217;Ue.<\/P><br \/>\n<P>Dichiarazioni pi\u00f9 prudenti sono giunte da Hillary Clinton, che in dicembre ha incontrato Suu Kyi. &#8220;E&#8217; troppo presto per valutare la portata dei progressi realizzati&#8221;, ha dichiarato il Segretario di Stato americano. Per arrivare a un ripensamento della politica delle sanzioni, il percorso di Washington \u00e8 comunque molto pi\u00f9 complicato: le misure restrittive sono regolamentate da nove provvedimenti diversi, e per rovesciare le pi\u00f9 importanti servir\u00e0 un voto del Congresso.<\/P><\/p>\n","protected":false},"excerpt":{"rendered":"L\u2019Italia conferma la sua linea di dialogo con Yangon sostenuta anche in ambito europeo. Il Ministro Giulio Terzi, infatti, si recher\u00e0 in visita in Myanmar dal 24 al 26 aprile mentre il mondo occidentale e l\u2019Italia salutano &#8220;molto positivamente&#8221; l\u2019elezione di Aung San Suu Kyi al Parlamento birmano. &#8220;Vive congratulazioni&#8221; dal Presidente della Repubblica, Giorgio [&hellip;]","protected":false},"author":1,"featured_media":0,"comment_status":"","ping_status":"","sticky":false,"template":"","format":"standard","meta":{"footnotes":""},"categories":[2],"tags":[45,9,42],"class_list":["post-20296","post","type-post","status-publish","format-standard","hentry","category-approfondimenti","tag-asia-e-oceania","tag-europa","tag-unione-europea"],"_links":{"self":[{"href":"https:\/\/www.esteri.it\/it\/wp-json\/wp\/v2\/posts\/20296","targetHints":{"allow":["GET"]}}],"collection":[{"href":"https:\/\/www.esteri.it\/it\/wp-json\/wp\/v2\/posts"}],"about":[{"href":"https:\/\/www.esteri.it\/it\/wp-json\/wp\/v2\/types\/post"}],"author":[{"embeddable":true,"href":"https:\/\/www.esteri.it\/it\/wp-json\/wp\/v2\/users\/1"}],"replies":[{"embeddable":true,"href":"https:\/\/www.esteri.it\/it\/wp-json\/wp\/v2\/comments?post=20296"}],"version-history":[{"count":0,"href":"https:\/\/www.esteri.it\/it\/wp-json\/wp\/v2\/posts\/20296\/revisions"}],"wp:attachment":[{"href":"https:\/\/www.esteri.it\/it\/wp-json\/wp\/v2\/media?parent=20296"}],"wp:term":[{"taxonomy":"category","embeddable":true,"href":"https:\/\/www.esteri.it\/it\/wp-json\/wp\/v2\/categories?post=20296"},{"taxonomy":"post_tag","embeddable":true,"href":"https:\/\/www.esteri.it\/it\/wp-json\/wp\/v2\/tags?post=20296"}],"curies":[{"name":"wp","href":"https:\/\/api.w.org\/{rel}","templated":true}]}}