{"id":20298,"date":"2012-04-03T11:08:19","date_gmt":"2012-04-03T09:08:19","guid":{"rendered":"https:\/\/www.esteri.it\/sala_stampa\/archivionotizie\/comunicati\/2012\/04\/20120403_italiagiappone\/"},"modified":"2012-04-03T11:08:19","modified_gmt":"2012-04-03T09:08:19","slug":"20120403_italiagiappone","status":"publish","type":"post","link":"https:\/\/www.esteri.it\/it\/sala_stampa\/archivionotizie\/approfondimenti\/2012\/04\/20120403_italiagiappone\/","title":{"rendered":"A Firenze con il patrocinio della fondazione Italia-Giappone &#8211; mostre: \u201cGiappone, terra di  incanti\u201d"},"content":{"rendered":"<p><P>Firenze, con il patrocinio della Fondazione Italia-Giappone, celebra l\u2019arte e la cultura giapponese. A Palazzo Pitti, la Reggia fiorentina che gi\u00e0 nel 1585 ospit\u00f2 i primi ambasciatori giapponesi che raggiunsero l&#8217;Italia, sono state inaugurate tre mostre nelle sale pi\u00f9 rappresentative dei suoi musei che resteranno aperte sino al 1 luglio 2012.<\/P><br \/>\n<P><STRONG>Di linea e di colore. Il Giappone, le sue arti e l&#8217;incontro con l&#8217;Occidente<\/STRONG><\/STRONG><\/P><br \/>\n<P>Il Museo degli Argenti accoglie la mostra &#8220;Di linea e di colore. Il Giappone, le sue arti e l&#8217;incontro con l&#8217;Occidente&#8221;, dedicata all&#8217;arte antica del Giappone, collocabile tra la met\u00e0 del Cinquecento e la met\u00e0 dell&#8217;Ottocento.<\/P><br \/>\n<P><STRONG>L&#8217;eleganza della memoria. Le Arti decorative nel moderno Giappone<\/STRONG><\/STRONG><\/P><br \/>\n<P>La Galleria Palatina (Sala Bianca) presenta &#8220;L&#8217;eleganza della memoria. Le Arti decorative nel moderno Giappone&#8221;. In mostra l&#8217;eccellenza dell&#8217;arte giapponese moderna contemporanea dal XIX secolo ai giorni nostri.<\/P><br \/>\n<P><STRONG>Giapponismo. Suggestioni d&#8217;Oriente tra Macchiaioli e anni Trenta del Novecento<\/STRONG><\/STRONG><\/P><br \/>\n<P>La Galleria d&#8217;Arte Moderna (Sala del Fiorino) ospita la mostra dedicata al Japonisme dal titolo &#8220;Giapponismo. Suggestioni d&#8217;Oriente tra Macchiaioli e anni Trenta del Novecento&#8221;. Opere realizzate tra gli anni Settanta dell&#8217;Ottocento e i Quaranta del Novecento da protagonisti dell&#8217;arte italiana nelle quali si avverte netta l&#8217;influenza del Giappone come Fattori, Signorini, De Nittis.<\/P><\/p>\n","protected":false},"excerpt":{"rendered":"Firenze, con il patrocinio della Fondazione Italia-Giappone, celebra l\u2019arte e la cultura giapponese. A Palazzo Pitti, la Reggia fiorentina che gi\u00e0 nel 1585 ospit\u00f2 i primi ambasciatori giapponesi che raggiunsero l&#8217;Italia, sono state inaugurate tre mostre nelle sale pi\u00f9 rappresentative dei suoi musei che resteranno aperte sino al 1 luglio 2012. Di linea e di [&hellip;]","protected":false},"author":1,"featured_media":0,"comment_status":"","ping_status":"","sticky":false,"template":"","format":"standard","meta":{"footnotes":""},"categories":[2],"tags":[45,32],"class_list":["post-20298","post","type-post","status-publish","format-standard","hentry","category-approfondimenti","tag-asia-e-oceania","tag-diplomazia-culturale"],"_links":{"self":[{"href":"https:\/\/www.esteri.it\/it\/wp-json\/wp\/v2\/posts\/20298","targetHints":{"allow":["GET"]}}],"collection":[{"href":"https:\/\/www.esteri.it\/it\/wp-json\/wp\/v2\/posts"}],"about":[{"href":"https:\/\/www.esteri.it\/it\/wp-json\/wp\/v2\/types\/post"}],"author":[{"embeddable":true,"href":"https:\/\/www.esteri.it\/it\/wp-json\/wp\/v2\/users\/1"}],"replies":[{"embeddable":true,"href":"https:\/\/www.esteri.it\/it\/wp-json\/wp\/v2\/comments?post=20298"}],"version-history":[{"count":0,"href":"https:\/\/www.esteri.it\/it\/wp-json\/wp\/v2\/posts\/20298\/revisions"}],"wp:attachment":[{"href":"https:\/\/www.esteri.it\/it\/wp-json\/wp\/v2\/media?parent=20298"}],"wp:term":[{"taxonomy":"category","embeddable":true,"href":"https:\/\/www.esteri.it\/it\/wp-json\/wp\/v2\/categories?post=20298"},{"taxonomy":"post_tag","embeddable":true,"href":"https:\/\/www.esteri.it\/it\/wp-json\/wp\/v2\/tags?post=20298"}],"curies":[{"name":"wp","href":"https:\/\/api.w.org\/{rel}","templated":true}]}}