{"id":203086,"date":"2026-08-31T13:57:14","date_gmt":"2026-08-31T11:57:14","guid":{"rendered":"https:\/\/www.esteri.it\/?p=203086"},"modified":"2026-08-31T13:57:14","modified_gmt":"2026-08-31T11:57:14","slug":"dalla-cooperazione-italiana-250-mila-euro-per-lemergenza-in-nepal","status":"publish","type":"post","link":"https:\/\/www.esteri.it\/it\/sala_stampa\/archivionotizie\/comunicati\/2026\/08\/dalla-cooperazione-italiana-250-mila-euro-per-lemergenza-in-nepal\/","title":{"rendered":"Dalla Cooperazione Italiana 250 mila euro per l\u2019emergenza in Nepal"},"content":{"rendered":"<p>Il Vice Ministro Edmondo Cirielli, sentito il Ministro degli Esteri Antonio Tajani, ha autorizzato un pacchetto di aiuti umanitari del valore di 250 mila euro per la popolazione del Nepal colpita dalle gravi inondazioni del 26 agosto. I contributi sosterranno le attivit\u00e0 dell\u2019UNICEF e della Federazione Internazionale delle Societ\u00e0 di Croce Rossa e Mezzaluna Rossa (FICROSS).<\/p>\n<p>Nello specifico, il sostegno italiano a UNICEF permetter\u00e0 di fornire assistenza immediata alla popolazione colpita, con particolare attenzione ai bambini e alle famiglie pi\u00f9 vulnerabili, mentre il finanziamento alla FICROSS sosterr\u00e0 interventi di emergenza e prima ripresa nei settori protezione, assistenza, salute, beni essenziali, acqua e igiene, supporto psicosociale e ripristino dei legami familiari.<\/p>\n<p>Il Vice Ministro Cirielli ha altres\u00ec approvato il rifinanziamento del fondo bilaterale di emergenza gestito da UNICEF per un valore di 1 milione di euro per mettere in grado l\u2019Agenzia ONU di intervenire rapidamente in contesti di emergenze e crisi improvvise.<\/p>\n","protected":false},"excerpt":{"rendered":"Il Vice Ministro Edmondo Cirielli, sentito il Ministro degli Esteri Antonio Tajani, ha autorizzato un pacchetto di aiuti umanitari del valore di 250 mila euro per la popolazione del Nepal colpita dalle gravi inondazioni del 26 agosto. I contributi sosterranno le attivit\u00e0 dell\u2019UNICEF e della Federazione Internazionale delle Societ\u00e0 di Croce Rossa e Mezzaluna Rossa [&hellip;]","protected":false},"author":6,"featured_media":202338,"comment_status":"closed","ping_status":"closed","sticky":false,"template":"","format":"standard","meta":{"footnotes":""},"categories":[1],"tags":[29,28,386],"class_list":["post-203086","post","type-post","status-publish","format-standard","has-post-thumbnail","hentry","category-comunicati","tag-cooperazione-sviluppo","tag-ministro","tag-vice-ministro-edmondo-cirielli"],"_links":{"self":[{"href":"https:\/\/www.esteri.it\/it\/wp-json\/wp\/v2\/posts\/203086","targetHints":{"allow":["GET"]}}],"collection":[{"href":"https:\/\/www.esteri.it\/it\/wp-json\/wp\/v2\/posts"}],"about":[{"href":"https:\/\/www.esteri.it\/it\/wp-json\/wp\/v2\/types\/post"}],"author":[{"embeddable":true,"href":"https:\/\/www.esteri.it\/it\/wp-json\/wp\/v2\/users\/6"}],"replies":[{"embeddable":true,"href":"https:\/\/www.esteri.it\/it\/wp-json\/wp\/v2\/comments?post=203086"}],"version-history":[{"count":1,"href":"https:\/\/www.esteri.it\/it\/wp-json\/wp\/v2\/posts\/203086\/revisions"}],"predecessor-version":[{"id":203089,"href":"https:\/\/www.esteri.it\/it\/wp-json\/wp\/v2\/posts\/203086\/revisions\/203089"}],"wp:featuredmedia":[{"embeddable":true,"href":"https:\/\/www.esteri.it\/it\/wp-json\/wp\/v2\/media\/202338"}],"wp:attachment":[{"href":"https:\/\/www.esteri.it\/it\/wp-json\/wp\/v2\/media?parent=203086"}],"wp:term":[{"taxonomy":"category","embeddable":true,"href":"https:\/\/www.esteri.it\/it\/wp-json\/wp\/v2\/categories?post=203086"},{"taxonomy":"post_tag","embeddable":true,"href":"https:\/\/www.esteri.it\/it\/wp-json\/wp\/v2\/tags?post=203086"}],"curies":[{"name":"wp","href":"https:\/\/api.w.org\/{rel}","templated":true}]}}