{"id":203142,"date":"2026-09-01T09:38:21","date_gmt":"2026-09-01T07:38:21","guid":{"rendered":"https:\/\/www.esteri.it\/?p=203142"},"modified":"2026-09-01T09:38:21","modified_gmt":"2026-09-01T07:38:21","slug":"tajani-ce-il-pericolo-jihadista-e-agiamo-per-la-nostra-sicurezza-la-ue-a-volte-sbaglia-corriere-della-sera","status":"publish","type":"post","link":"https:\/\/www.esteri.it\/it\/sala_stampa\/archivionotizie\/interviste\/2026\/09\/tajani-ce-il-pericolo-jihadista-e-agiamo-per-la-nostra-sicurezza-la-ue-a-volte-sbaglia-corriere-della-sera\/","title":{"rendered":"Tajani: \u00abC&#8217;\u00e8 il pericolo jihadista e agiamo per la nostra sicurezza. La Ue? A volte sbaglia\u00bb (Corriere della Sera)"},"content":{"rendered":"<p>La rivalit\u00e0 con il premier spagnolo \u00abnon c&#8217;entra nulla\u00bb con la decisione di prolungare il blocco di Schengen. Per il\u00a0ministro degli Esteri\u00a0e vicepremier la questione non \u00e8 elettorale, ma riguarda la sicurezza interna: \u00abIl pericolo jihadista non va sottovalutato\u00bb.<\/p>\n<p><strong>Ministro\u00a0Antonio\u00a0Tajani, avete deciso di continuare il braccio di ferro con S\u00e1nchez perch\u00e9 \u00e8 socialista e voi siete in campagna elettorale? <\/strong><\/p>\n<p>\u00abAssolutamente no. La nostra priorit\u00e0 \u00e8 la sicurezza interna. La proroga \u00e8 stata decisa dopo un attento esame del Comitato analisi immigrazione e sicurezza delle frontiere e la ragione \u00e8 la prevenzione del terrorismo e il contrasto all&#8217;immigrazione irregolare. \u00c9 di questo che ci preoccupiamo, non di come la pensi S\u00e1nchez. L&#8217;Italia agisce in un quadro di solidariet\u00e0 europea, anche con la Spagna\u00bb.<\/p>\n<p><strong>Avete numeri preoccupanti? Su 180 mila persone controllate, i respinti sono poche decine e pochissimi i marocchini.<\/strong><\/p>\n<p>\u00abDurante l&#8217;ultimo mese ci sono stati 31 provvedimenti di respingimento alle frontiere marittime e aeroportuali, di cui otto erano marocchini. Sei sono stati arrestati. Non sono pochi\u00bb.<\/p>\n<p><strong>Quindi \u00abla proroga \u00e8 necessaria\u00bb, come afferma Piantedosi?<\/strong><\/p>\n<p>\u00abAssolutamente s\u00ec, ma \u00e8 provvisoria e non \u00e8 contro qualcuno, ma a tutela della nostra sicurezza. Ricordo che abbiamo diminuito di oltre il 60% l&#8217;immigrazione irregolare nel nostro Paese\u00bb.<\/p>\n<p><strong>Quindi, non c&#8217;\u00e8 un&#8217;emergenza immigrazione?<\/strong><\/p>\n<p>\u00abL&#8217;emergenza a Ceuta non \u00e8 una invenzione nostra, sono arrivate quasi 100 mila persone, la polizia ha sparato e non si sa quanti siano rimasti\u00bb.<\/p>\n<p><strong>In Islanda ha vinto il no all&#8217;Europa. Cosa tiene lontani gli islandesi dalla casa comune, oltre alla pesca?<\/strong><\/p>\n<p>\u00abGli islandesi sono nel trattato di Schengen e nel mercato interno. La pesca \u00e8 un tema importante, ma non basta a spiegare. Il punto \u00e8 che a volte le politiche europee sono inadeguate\u00bb.<\/p>\n<p><strong>Quali politiche?<\/strong><\/p>\n<p>\u00abForza Italia non crede all&#8217;Europa dei lacci e lacciuoli. A volte le politiche di economia reale su industria, agricoltura e pesca sono state sbagliate. Troppo burocratiche, restrittive e legate a una visione ideologica del cambiamento climatico\u00bb.<\/p>\n<p><strong>Negate il problema, anche dopo un&#8217;estate torrida?<\/strong><\/p>\n<p>\u00abMai negato il cambiamento climatico, ma va combattuto in maniera pragmatica, senza fanatismi, rispettando la nostra vocazione commerciale e industriale. L&#8217;Ue \u00e8 in mezzo al guado e deve riformarsi, completare il mercato unico dei capitali e dell&#8217;energia, l&#8217;unione bancaria e l&#8217;armonizzazione fiscale\u00bb.<\/p>\n<p><strong>La leadership di von der Leyen \u00e8 ancora solida, o \u00e8 una parte del problema?<\/strong><\/p>\n<p>\u00abL&#8217;Europa ha bisogno di leader, ma grazie a una riforma anche istituzionale. Per avere leader forti \u00e8 necessario che presidenza della Commissione e del Consiglio coincidano. E va limitato il voto all&#8217;unanimit\u00e0\u00bb.<\/p>\n<p><strong>\u00c8 Meloni che si oppone<\/strong>.<\/p>\n<p>\u00abIo dico quel che penso e cercher\u00f2 di convincere la premier della bont\u00e0 delle mie idee. Dove non c&#8217;\u00e8 il voto all&#8217;unanimit\u00e0 abbiamo raggiunto l&#8217;accordo con il Mercosur, che ha portato una crescita del nostro export\u00bb.<\/p>\n<p><strong>Non sar\u00e0 che la battaglia di Trump per indebolire la Ue sta dando i suoi frutti?<\/strong><\/p>\n<p>\u00abNon sono gli Usa che ne decidono le sorti, ma la Ue deve essere politicamente pi\u00f9 forte. Deve avere una sua difesa e una politica estera incisiva e deve trovare il coraggio di essere protagonista globale\u00bb.<\/p>\n<p><strong>Se in Francia dovesse vincere Le Pen, Meloni potrebbe spingersi ancor pi\u00f9 verso la destra sovranista, allontanandosi da Bruxelles?<\/strong><\/p>\n<p>\u00abMeloni \u00e8 di destra, non di estrema destra. Se questo governo fosse anti europeista, non ne faremmo parte\u00bb.<\/p>\n<p><strong>Meloni a settembre diserter\u00e0 l&#8217;assemblea dell&#8217;Onu? <\/strong><\/p>\n<p>\u00abDecider\u00e0 la presidente, che c&#8217;\u00e8 sempre andata. L&#8217;importante \u00e8 che l&#8217;Italia sia presente ai massimi vertici. Io sono anche vicepremier e andr\u00f2 al Palazzo di Vetro, abbiamo gi\u00e0 una serie di incontri organizzati su Hormuz, i Balcani, i fertilizzanti&#8230;\u00bb.<\/p>\n<p><strong>Il rapporto tra la premier e Trump resta congelato? <\/strong><\/p>\n<p>\u00abIl rapporto con gli Usa \u00e8 storico e fondamentale per la nostra politica estera, una stella polare. Restiamo alleati indipendentemente da chi c&#8217;\u00e8 alla Casa Bianca, ma non c&#8217;\u00e8 un padrone e un suddito. Se non siamo d&#8217;accordo diciamo la verit\u00e0, come su Groenlandia, sul Papa o sull&#8217;Iran. Con l&#8217;America la collaborazione \u00e8 sostanziale, il 21 settembre firmer\u00f2 con il segretario di Stato Rubio a New York l&#8217;accordo sui minerali critici\u00bb.<\/p>\n<p><strong>Il ballottaggio nella legge elettorale \u00e8 la mossa della paura per frenare Vannacci? E la porterete a casa o la maggioranza pu\u00f2 saltare?<\/strong><\/p>\n<p>\u00abIl ballottaggio \u00e8 un&#8217;ipotesi, vedremo. La legge \u00e8 pensata solo per garantire stabilit\u00e0\u00bb.<\/p>\n<p><strong>Il record del governo pi\u00f9 stabile l&#8217;avete raggiunto con la legge attuale.<\/strong><\/p>\n<p>\u00abAl Senato non c&#8217;\u00e8 la stessa stabilit\u00e0 della Camera, si pu\u00f2 migliorare la situazione. Sulla legge elettorale troveremo l&#8217;accordo, ma non \u00e8 l&#8217;unica cosa di cui ci occupiamo. Le nostre priorit\u00e0 sono una manovra economica che riduca la pressione fiscale e l&#8217;intervento per ridurre il fardello della crisi energetica\u00bb.<\/p>\n<p><strong>Un fardello che spacca il governo: Salvini vuole tassare gli extraprofitti e voi siete contrari. Come se ne esce? <\/strong><\/p>\n<p>\u00abNoi di Forza Italia abbiamo un&#8217;idea molto chiara. Le grandi compagnie petrolifere devono dare una mano, ma il loro aiuto deve essere frutto di un accordo\u00bb.<strong>\u00a0<\/strong><\/p>\n<p><strong>Conferma che sarebbe una tassa sovietica, anche se ha fatto infuriare la Lega?<\/strong><\/p>\n<p>\u00abS\u00ec, una tassa da cultura comunista, che in Europa non sta mettendo nessuno. Bisogna coinvolgere le imprese e non spaventare i mercati. Confrontandoci con le banche abbiamo fatto arrivare nelle casse dello Stato pi\u00f9 di 10 miliardi\u00bb.<\/p>\n","protected":false},"excerpt":{"rendered":"La rivalit\u00e0 con il premier spagnolo \u00abnon c&#8217;entra nulla\u00bb con la decisione di prolungare il blocco di Schengen. Per il\u00a0ministro degli Esteri\u00a0e vicepremier la questione non \u00e8 elettorale, ma riguarda la sicurezza interna: \u00abIl pericolo jihadista non va sottovalutato\u00bb. Ministro\u00a0Antonio\u00a0Tajani, avete deciso di continuare il braccio di ferro con S\u00e1nchez perch\u00e9 \u00e8 socialista e voi [&hellip;]","protected":false},"author":34,"featured_media":203143,"comment_status":"closed","ping_status":"closed","sticky":false,"template":"","format":"standard","meta":{"footnotes":""},"categories":[23],"tags":[397,9,28,42],"class_list":["post-203142","post","type-post","status-publish","format-standard","has-post-thumbnail","hentry","category-interviste","tag-america-settentrionale","tag-europa","tag-ministro","tag-unione-europea"],"_links":{"self":[{"href":"https:\/\/www.esteri.it\/it\/wp-json\/wp\/v2\/posts\/203142","targetHints":{"allow":["GET"]}}],"collection":[{"href":"https:\/\/www.esteri.it\/it\/wp-json\/wp\/v2\/posts"}],"about":[{"href":"https:\/\/www.esteri.it\/it\/wp-json\/wp\/v2\/types\/post"}],"author":[{"embeddable":true,"href":"https:\/\/www.esteri.it\/it\/wp-json\/wp\/v2\/users\/34"}],"replies":[{"embeddable":true,"href":"https:\/\/www.esteri.it\/it\/wp-json\/wp\/v2\/comments?post=203142"}],"version-history":[{"count":1,"href":"https:\/\/www.esteri.it\/it\/wp-json\/wp\/v2\/posts\/203142\/revisions"}],"predecessor-version":[{"id":203146,"href":"https:\/\/www.esteri.it\/it\/wp-json\/wp\/v2\/posts\/203142\/revisions\/203146"}],"wp:featuredmedia":[{"embeddable":true,"href":"https:\/\/www.esteri.it\/it\/wp-json\/wp\/v2\/media\/203143"}],"wp:attachment":[{"href":"https:\/\/www.esteri.it\/it\/wp-json\/wp\/v2\/media?parent=203142"}],"wp:term":[{"taxonomy":"category","embeddable":true,"href":"https:\/\/www.esteri.it\/it\/wp-json\/wp\/v2\/categories?post=203142"},{"taxonomy":"post_tag","embeddable":true,"href":"https:\/\/www.esteri.it\/it\/wp-json\/wp\/v2\/tags?post=203142"}],"curies":[{"name":"wp","href":"https:\/\/api.w.org\/{rel}","templated":true}]}}