{"id":203147,"date":"2026-09-01T09:45:48","date_gmt":"2026-09-01T07:45:48","guid":{"rendered":"https:\/\/www.esteri.it\/?p=203147"},"modified":"2026-09-01T09:45:48","modified_gmt":"2026-09-01T07:45:48","slug":"antonio-tajani-sanchez-sapeva-della-proroga-inspiegabile-la-sua-ritorsione-il-messaggero","status":"publish","type":"post","link":"https:\/\/www.esteri.it\/it\/sala_stampa\/archivionotizie\/interviste\/2026\/09\/antonio-tajani-sanchez-sapeva-della-proroga-inspiegabile-la-sua-ritorsione-il-messaggero\/","title":{"rendered":"Antonio Tajani \u00abSanchez sapeva della proroga. Inspiegabile la sua ritorsione\u00bb  (Il Messaggero)"},"content":{"rendered":"<p>\u00abNessun intento politico\u00bb, ma la \u00abnecessit\u00e0 di garantire la sicurezza del nostro Paese\u00bb. C&#8217;\u00e8 solo questo, assicura Antonio Tajani, dietro la scelta del governo italiano di prorogare per ulteriori quindici giorni la sospensione dell&#8217;accordo di Schengen, scattata il 1\u00b0 agosto scorso come riflesso della crisi migratoria nell&#8217;exclave di Ceuta.<\/p>\n<p>Motivazioni che non sono bastate a impedire la reazione uguale e contraria da parte della nazione guidata dal socialista Pedro Sanchez: il prolungamento per altre due settimane dei controlli frontalieri dei passeggeri, via mare o via aerea, che accedono al territorio nazionale ma provenienti dall&#8217;Italia. Una contromossa che, a detta del leader di Forza Italia, ha il sapore di una \u00abritorsione\u00bb.<\/p>\n<p>\u00abC&#8217;era davvero bisogno di questo nuovo rinvio?\u00bb, \u00e8 la domanda che in molti si sono fatti non appena le agenzie hanno cominciato a battere la notizia che fosse in corso di notifica la nota con cui Palazzo Chigi comunicava alla Ue la proroga. Il ministro degli Esteri, contattato dal Messaggero nel corso di un evento a Rieti, non ha dubbi: \u00abCerto. Basta vedere quello che \u00e8 successo oggi a Ceuta per comprendere qual \u00e8 la situazione\u00bb. Il riferimento \u00e8 agli scontri tra migranti che si sono verificati ieri mattina nel quartiere di Loma Colmenar, con l&#8217;ingresso di centinaia di persone di origini magrebine, rimaste accampate in strada nelle ultime settimane, in una tensostruttura di accoglienza allestita dal governo. E il successivo intervento della polizia, che ha sparato in aria per disperdere la ressa. \u00abL&#8217;emergenza a Ceuta non \u00e8 una invenzione nostra, sono arrivate quasi centomila persone, la polizia \u00e8 stata costretta a sparare e non si sa quanti irregolari siano rimasti\u00bb. Una scelta, dunque, suffragata da ragioni tecniche: \u00abIl comitato che si occupa della sicurezza delle frontiere e dell&#8217;immigrazione &#8211; spiega Tajani &#8211; ha detto che ancora la situazione non \u00e8 stata risolta. Per questo abbiamo deciso di prorogare per altri 15 giorni il blocco di Schengen, sia per le navi che per gli aerei che arrivano dalla Spagna: per garantire la sicurezza interna e la sicurezza delle nostre frontiere\u00bb. Poi la precisazione, quasi obbligata, considerato il vespaio di polemiche proveniente dalle opposizioni sul punto: \u00abLo abbiamo fatto in collaborazione con l&#8217;Europa e, naturalmente, anche con la Spagna, che \u00e8 stata informata dal ministro dell&#8217;Interno. Non c&#8217;\u00e8 nessun intento politico\u00bb. Se Sanchez \u00absapeva\u00bb, l&#8217;Italia, al contrario, non era stata \u00abavvisata\u00bb della contromossa in serbo da parte dei cugini iberici. \u00abIn realt\u00e0 &#8211; ammette Tajani &#8211; non si capisce il perch\u00e9 di questa decisione, non c&#8217;\u00e8 motivazione: per fortuna i flussi migratori sono stati ridotti del 50%, con una percentuale in crescita rispetto agli anni passati, mentre la situazione a Ceuta \u00e8 preoccupante. Quella della Spagna \u00e8 sembrata una ritorsione, che non trova spiegazione\u00bb. Alla domanda se c&#8217;entri qualcosa, nel braccio di ferro, l&#8217;orientamento del governo spagnolo e la campagna elettorale ormai alle porte, il leader azzurro frena: \u00abNon c&#8217;entra nulla il colore politico dei governi. L&#8217;Italia agisce in un quadro di solidariet\u00e0 europea, anche con la Spagna\u00bb.<\/p>\n<p>&nbsp;<\/p>\n<p>NODO TERRORISMO<\/p>\n<p>Sullo sfondo, il timore di possibili infiltrazioni terroristiche: \u00abIl rischio terrorismo c&#8217;\u00e8 sempre e non va sottovalutato. Sappiamo che \u00e8 forte nell&#8217;Africa subsahariana, che confina con il Marocco. E non possiamo dimenticare che non sono solo marocchini quelli che sono arrivati a Ceuta\u00bb. Il ministro degli Esteri fa di conto: \u00abDurante l&#8217;ultimo mese ci sono stati 31 provvedimenti di respingimento alle frontiere marittime e aeroportuali, di cui otto erano marocchini. Sei sono stati arrestati. Non sono pochi\u00bb. Resta il riflesso politico, il rischio cio\u00e8 che questo rimpallo tra paesi Ue possa indebolire la libera circolazione, ma anche la difesa dell&#8217;architettura dei Trattati. Il leader di Forza Italia, partito che appartiene alla famiglia del Partito popolare europeo &#8211; tra i pi\u00f9 europeisti a Bruxelles &#8211; distingue i piani: \u00abLa libera circolazione non significa non combattere l&#8217;immigrazione irregolare e combattere il terrorismo\u00bb. Che sia questa l&#8217;ultima sospensione necessaria, il vicepremier non lo d\u00e0 per certo: \u00abNoi ci auguriamo che lo sia perch\u00e9 non rinnovarla \u00e8 nel nostro interesse. Prima, per\u00f2, dobbiamo garantire la sicurezza\u00bb.<\/p>\n","protected":false},"excerpt":{"rendered":"\u00abNessun intento politico\u00bb, ma la \u00abnecessit\u00e0 di garantire la sicurezza del nostro Paese\u00bb. C&#8217;\u00e8 solo questo, assicura Antonio Tajani, dietro la scelta del governo italiano di prorogare per ulteriori quindici giorni la sospensione dell&#8217;accordo di Schengen, scattata il 1\u00b0 agosto scorso come riflesso della crisi migratoria nell&#8217;exclave di Ceuta. Motivazioni che non sono bastate a [&hellip;]","protected":false},"author":33,"featured_media":203148,"comment_status":"closed","ping_status":"closed","sticky":false,"template":"","format":"standard","meta":{"footnotes":""},"categories":[23],"tags":[9,28,404],"class_list":["post-203147","post","type-post","status-publish","format-standard","has-post-thumbnail","hentry","category-interviste","tag-europa","tag-ministro","tag-sicurezza"],"_links":{"self":[{"href":"https:\/\/www.esteri.it\/it\/wp-json\/wp\/v2\/posts\/203147","targetHints":{"allow":["GET"]}}],"collection":[{"href":"https:\/\/www.esteri.it\/it\/wp-json\/wp\/v2\/posts"}],"about":[{"href":"https:\/\/www.esteri.it\/it\/wp-json\/wp\/v2\/types\/post"}],"author":[{"embeddable":true,"href":"https:\/\/www.esteri.it\/it\/wp-json\/wp\/v2\/users\/33"}],"replies":[{"embeddable":true,"href":"https:\/\/www.esteri.it\/it\/wp-json\/wp\/v2\/comments?post=203147"}],"version-history":[{"count":1,"href":"https:\/\/www.esteri.it\/it\/wp-json\/wp\/v2\/posts\/203147\/revisions"}],"predecessor-version":[{"id":203151,"href":"https:\/\/www.esteri.it\/it\/wp-json\/wp\/v2\/posts\/203147\/revisions\/203151"}],"wp:featuredmedia":[{"embeddable":true,"href":"https:\/\/www.esteri.it\/it\/wp-json\/wp\/v2\/media\/203148"}],"wp:attachment":[{"href":"https:\/\/www.esteri.it\/it\/wp-json\/wp\/v2\/media?parent=203147"}],"wp:term":[{"taxonomy":"category","embeddable":true,"href":"https:\/\/www.esteri.it\/it\/wp-json\/wp\/v2\/categories?post=203147"},{"taxonomy":"post_tag","embeddable":true,"href":"https:\/\/www.esteri.it\/it\/wp-json\/wp\/v2\/tags?post=203147"}],"curies":[{"name":"wp","href":"https:\/\/api.w.org\/{rel}","templated":true}]}}