{"id":203164,"date":"2026-09-01T11:19:53","date_gmt":"2026-09-01T09:19:53","guid":{"rendered":"https:\/\/www.esteri.it\/?p=203164"},"modified":"2026-09-01T11:22:21","modified_gmt":"2026-09-01T09:22:21","slug":"tajani-in-irlanda-per-la-riunione-dei-ministri-degli-esteri-ue-gymnich","status":"publish","type":"post","link":"https:\/\/www.esteri.it\/it\/sala_stampa\/archivionotizie\/comunicati\/2026\/09\/tajani-in-irlanda-per-la-riunione-dei-ministri-degli-esteri-ue-gymnich\/","title":{"rendered":"Tajani in Irlanda per la riunione dei Ministri degli Esteri UE (Gymnich)"},"content":{"rendered":"<p>Il Ministro degli Esteri Antonio Tajani sar\u00e0 oggi e domani a Wicklow, in Irlanda, per partecipare alla riunione dei Ministri degli Esteri dell\u2019UE (Gymnich).<\/p>\n<p>Questa sera il Ministro parteciper\u00e0 alla cena di lavoro allargata ai Ministri degli Esteri di Canada, Islanda, Norvegia, Regno Unito, Svizzera e Ucraina.<\/p>\n<p>Nella sessione di domani dedicata all\u2019Ucraina, Tajani ribadir\u00e0 l\u2019unit\u00e0 dell\u2019Occidente nel sostegno a Kyiv e la ferma condanna degli attacchi indiscriminati russi contro la popolazione civile e le infrastrutture ucraine, sottolineando la necessit\u00e0 di continuare a lavorare per una pace giusta e duratura. Particolare attenzione sar\u00e0 dedicata agli attacchi nel Mar Nero e alle conseguenze sulle esportazioni di grano. L\u2019Italia continuer\u00e0 a sostenere la sicurezza alimentare, anche individuando sinergie con la \u201cCoalizione di Roma\u201d sui fertilizzanti, costituita nel quadro del formato MED9+, che Tajani riunir\u00e0 nuovamente a New York tra poche settimane in occasione dell\u2019Assemblea Generale ONU.<\/p>\n<p>Nel confronto sull\u2019azione esterna dell\u2019UE, dedicato all\u2019assetto istituzionale, ai processi decisionali della politica estera europea e al ruolo dell\u2019Unione nel sistema multilaterale, Tajani sosterr\u00e0 la necessit\u00e0 di rendere pi\u00f9 efficaci le attuali istituzioni europee, nel rispetto delle competenze degli Stati membri. Il titolare della Farnesina indicher\u00e0 inoltre come prioritario rafforzare la presenza europea in Africa, anche tramite le missioni e le operazioni dell\u2019UE.<\/p>\n<p>La sessione sul Medio Oriente sar\u00e0 dedicata alle principali crisi regionali e agli strumenti per favorire stabilit\u00e0 e sicurezza. Tajani ribadir\u00e0 la necessit\u00e0 di favorire un\u2019intesa tra Stati Uniti e Iran, attraverso la via diplomatica, per contribuire alla stabilit\u00e0 della regione, e di garantire la libert\u00e0 di navigazione nello Stretto di Hormuz e nel Mar Rosso. In questo quadro, Tajani sottolineer\u00e0 il contributo italiano alla missione europea Aspides. Il Ministro confermer\u00e0 inoltre l\u2019impegno italiano per la soluzione a due Stati e l\u2019assistenza alla popolazione di Gaza. Sul Libano ribadir\u00e0 la preoccupazione per la recente recrudescenza degli attacchi e il sostegno italiano a un\u2019intesa per una pace duratura, per la quale \u00e8 fondamentale il rafforzamento delle istituzioni e in particolare delle forze armate libanesi. Tajani richiamer\u00e0 infine i recenti progressi politici in Libia e il sostegno all\u2019accordo facilitato dalle Nazioni Unite siglato domenica, in quanto passo importante e credibile verso elezioni nazionali inclusive e trasparenti e verso istituzioni unificate.<\/p>\n<p>A Wicklow, Tajani avr\u00e0 infine diversi incontri bilaterali con i suoi omologhi europei e internazionali.<\/p>\n","protected":false},"excerpt":{"rendered":"Il Ministro degli Esteri Antonio Tajani sar\u00e0 oggi e domani a Wicklow, in Irlanda, per partecipare alla riunione dei Ministri degli Esteri dell\u2019UE (Gymnich). Questa sera il Ministro parteciper\u00e0 alla cena di lavoro allargata ai Ministri degli Esteri di Canada, Islanda, Norvegia, Regno Unito, Svizzera e Ucraina. Nella sessione di domani dedicata all\u2019Ucraina, Tajani ribadir\u00e0 [&hellip;]","protected":false},"author":6,"featured_media":203167,"comment_status":"closed","ping_status":"closed","sticky":false,"template":"","format":"standard","meta":{"footnotes":""},"categories":[1],"tags":[28,42],"class_list":["post-203164","post","type-post","status-publish","format-standard","has-post-thumbnail","hentry","category-comunicati","tag-ministro","tag-unione-europea"],"_links":{"self":[{"href":"https:\/\/www.esteri.it\/it\/wp-json\/wp\/v2\/posts\/203164","targetHints":{"allow":["GET"]}}],"collection":[{"href":"https:\/\/www.esteri.it\/it\/wp-json\/wp\/v2\/posts"}],"about":[{"href":"https:\/\/www.esteri.it\/it\/wp-json\/wp\/v2\/types\/post"}],"author":[{"embeddable":true,"href":"https:\/\/www.esteri.it\/it\/wp-json\/wp\/v2\/users\/6"}],"replies":[{"embeddable":true,"href":"https:\/\/www.esteri.it\/it\/wp-json\/wp\/v2\/comments?post=203164"}],"version-history":[{"count":1,"href":"https:\/\/www.esteri.it\/it\/wp-json\/wp\/v2\/posts\/203164\/revisions"}],"predecessor-version":[{"id":203166,"href":"https:\/\/www.esteri.it\/it\/wp-json\/wp\/v2\/posts\/203164\/revisions\/203166"}],"wp:featuredmedia":[{"embeddable":true,"href":"https:\/\/www.esteri.it\/it\/wp-json\/wp\/v2\/media\/203167"}],"wp:attachment":[{"href":"https:\/\/www.esteri.it\/it\/wp-json\/wp\/v2\/media?parent=203164"}],"wp:term":[{"taxonomy":"category","embeddable":true,"href":"https:\/\/www.esteri.it\/it\/wp-json\/wp\/v2\/categories?post=203164"},{"taxonomy":"post_tag","embeddable":true,"href":"https:\/\/www.esteri.it\/it\/wp-json\/wp\/v2\/tags?post=203164"}],"curies":[{"name":"wp","href":"https:\/\/api.w.org\/{rel}","templated":true}]}}