{"id":203383,"date":"2026-09-02T16:40:11","date_gmt":"2026-09-02T14:40:11","guid":{"rendered":"https:\/\/www.esteri.it\/?p=203383"},"modified":"2026-09-02T16:40:38","modified_gmt":"2026-09-02T14:40:38","slug":"zurigo-inaugurazione-dellanno-scolastico-nella-rinnovata-casa-ditalia","status":"publish","type":"post","link":"https:\/\/www.esteri.it\/it\/sala_stampa\/archivionotizie\/retediplomatica\/2026\/09\/zurigo-inaugurazione-dellanno-scolastico-nella-rinnovata-casa-ditalia\/","title":{"rendered":"Zurigo, inaugurazione dell\u2019anno scolastico nella rinnovata Casa d\u2019Italia"},"content":{"rendered":"<p>Con l\u2019inaugurazione dell\u2019anno scolastico 2026-2027 nei locali appena ristrutturati dell\u2019edificio storico \u201cCasa d\u2019Italia\u201d, si apre una nuova pagina nella storia della presenza italiana a Zurigo.<\/p>\n<p>L\u2019avvio delle attivit\u00e0 scolastiche costituisce un primo e fondamentale risultato che sar\u00e0 seguito, nei prossimi mesi, dal completamento della restituzione alla piena funzionalit\u00e0 dell\u2019intero complesso. In autunno sar\u00e0 infatti inaugurata anche la parte dell\u2019edificio destinata ad accogliere il Consolato Generale, l\u2019Istituto Italiano di Cultura, il desk attrazione Investimenti dell\u2019ICE e il Comites.<\/p>\n<p>Il progetto va dunque oltre la semplice ristrutturazione di un immobile. La rinascita della Casa d\u2019Italia rappresenta un investimento strategico compiuto dal Ministero degli Affari Esteri e della Cooperazione Internazionale per valorizzare una prestigiosa propriet\u00e0 demaniale di quasi 3.000 metri quadrati, restituendole il ruolo di grande polo istituzionale, culturale e scolastico italiano in Svizzera.<\/p>\n<p>\u00abQuella di oggi \u00e8 una giornata che abbiamo atteso a lungo\u00bb, ha dichiarato il Console Generale d\u2019Italia a Zurigo, Mario Baldi. \u00abL\u2019inizio dell\u2019anno scolastico nella Casa d\u2019Italia appena ristrutturata \u00e8 un risultato importante, anche se ancora parziale, perch\u00e9 rappresenta il primo passo verso la completa rinascita della Casa d\u2019Italia. Oggi restituiamo questo edificio alle scuole italiane e ai nostri studenti; nei prossimi mesi completeremo il trasferimento delle altre istituzioni italiane che troveranno qui la loro sede\u00bb.<\/p>\n<p>L\u2019inaugurazione dell\u2019anno scolastico assume pertanto anche un valore simbolico. I primi a rientrare nella Casa d\u2019Italia sono i giovani, gli studenti delle scuole italiane, ai quali viene restituito uno spazio moderno e funzionale, inserito in un edificio carico di storia e profondamente legato alla presenza italiana in Svizzera.<\/p>\n<p>Un patrimonio storico recuperato, un importante investimento dello Stato italiano e un simbolo della presenza dell\u2019Italia nel cuore di Zurigo.<\/p>\n<p>&nbsp;<\/p>\n","protected":false},"excerpt":{"rendered":"Con l\u2019inaugurazione dell\u2019anno scolastico 2026-2027 nei locali appena ristrutturati dell\u2019edificio storico \u201cCasa d\u2019Italia\u201d, si apre una nuova pagina nella storia della presenza italiana a Zurigo. L\u2019avvio delle attivit\u00e0 scolastiche costituisce un primo e fondamentale risultato che sar\u00e0 seguito, nei prossimi mesi, dal completamento della restituzione alla piena funzionalit\u00e0 dell\u2019intero complesso. In autunno sar\u00e0 infatti inaugurata [&hellip;]","protected":false},"author":4,"featured_media":203387,"comment_status":"closed","ping_status":"closed","sticky":false,"template":"","format":"standard","meta":{"footnotes":""},"categories":[20],"tags":[32,9],"class_list":["post-203383","post","type-post","status-publish","format-standard","has-post-thumbnail","hentry","category-retediplomatica","tag-diplomazia-culturale","tag-europa"],"_links":{"self":[{"href":"https:\/\/www.esteri.it\/it\/wp-json\/wp\/v2\/posts\/203383","targetHints":{"allow":["GET"]}}],"collection":[{"href":"https:\/\/www.esteri.it\/it\/wp-json\/wp\/v2\/posts"}],"about":[{"href":"https:\/\/www.esteri.it\/it\/wp-json\/wp\/v2\/types\/post"}],"author":[{"embeddable":true,"href":"https:\/\/www.esteri.it\/it\/wp-json\/wp\/v2\/users\/4"}],"replies":[{"embeddable":true,"href":"https:\/\/www.esteri.it\/it\/wp-json\/wp\/v2\/comments?post=203383"}],"version-history":[{"count":1,"href":"https:\/\/www.esteri.it\/it\/wp-json\/wp\/v2\/posts\/203383\/revisions"}],"predecessor-version":[{"id":203384,"href":"https:\/\/www.esteri.it\/it\/wp-json\/wp\/v2\/posts\/203383\/revisions\/203384"}],"wp:featuredmedia":[{"embeddable":true,"href":"https:\/\/www.esteri.it\/it\/wp-json\/wp\/v2\/media\/203387"}],"wp:attachment":[{"href":"https:\/\/www.esteri.it\/it\/wp-json\/wp\/v2\/media?parent=203383"}],"wp:term":[{"taxonomy":"category","embeddable":true,"href":"https:\/\/www.esteri.it\/it\/wp-json\/wp\/v2\/categories?post=203383"},{"taxonomy":"post_tag","embeddable":true,"href":"https:\/\/www.esteri.it\/it\/wp-json\/wp\/v2\/tags?post=203383"}],"curies":[{"name":"wp","href":"https:\/\/api.w.org\/{rel}","templated":true}]}}