{"id":203402,"date":"2026-09-02T17:54:43","date_gmt":"2026-09-02T15:54:43","guid":{"rendered":"https:\/\/www.esteri.it\/?p=203402"},"modified":"2026-09-02T17:54:43","modified_gmt":"2026-09-02T15:54:43","slug":"il-ministro-tajani-domani-al-cairo-incontri-istituzionali-commissione-congiunta-e-business-forum-italia-egitto","status":"publish","type":"post","link":"https:\/\/www.esteri.it\/it\/sala_stampa\/archivionotizie\/comunicati\/2026\/09\/il-ministro-tajani-domani-al-cairo-incontri-istituzionali-commissione-congiunta-e-business-forum-italia-egitto\/","title":{"rendered":"Il Ministro Tajani domani al Cairo. Incontri istituzionali, Commissione congiunta e Business Forum Italia-Egitto"},"content":{"rendered":"<p>Il Ministro degli Esteri Antonio Tajani sar\u00e0 domani al Cairo per una missione dedicata al rafforzamento del partenariato tra Italia ed Egitto, alla cooperazione sui principali dossier regionali e allo sviluppo delle relazioni economiche e commerciali. Nel corso della visita Tajani incontrer\u00e0 il Presidente Abdel Fattah al-Sisi e il Ministro degli Esteri Badr Abdelatty, con il quale presieder\u00e0 la Commissione congiunta italo-egiziana. Alla missione parteciperanno anche il Ministro dell\u2019Ambiente e della Sicurezza energetica Gilberto Pichetto Fratin e il Ministro del Lavoro e delle Politiche sociali Marina Calderone.<\/p>\n<p>Nel corso dei colloqui sar\u00e0 affrontata la situazione in Medio Oriente, a partire da Gaza e dal ruolo di mediazione dell\u2019Egitto, la prospettiva della soluzione a due Stati, la stabilit\u00e0 del Libano e della Libia, la situazione in Sudan e nel Corno d\u2019Africa e la sicurezza delle rotte marittime, in particolare a Hormuz e nel Mar Rosso. Il confronto riguarder\u00e0 anche la collaborazione nel contrasto al terrorismo, ai trafficanti di esseri umani e all\u2019immigrazione irregolare, insieme alla promozione di percorsi di mobilit\u00e0 legale e qualificata tra i due Paesi.<\/p>\n<p>Una parte centrale della missione sar\u00e0 dedicata alla Diplomazia della Crescita. Tajani parteciper\u00e0 al Business Forum Italia-Egitto, che vedr\u00e0 la presenza di oltre cento aziende italiane, quasi 600 partecipanti, e 1000 BtoB programmati, con l\u2019obiettivo di rafforzare l\u2019interscambio e gli investimenti tra i due Paesi e creare nuove opportunit\u00e0 per le imprese italiane. Energia e transizione verde, infrastrutture, tecnologie industriali avanzate, digitalizzazione e agritech saranno tra i principali settori al centro dei lavori. Nel 2025 l\u2019interscambio bilaterale ha raggiunto 5,9 miliardi di euro, in crescita dell\u201911,7%, con un ulteriore aumento del 7,5% nei primi cinque mesi del 2026.<\/p>\n<p>La visita consentir\u00e0 infine di consolidare la collaborazione nell\u2019ambito del Piano Mattei, di cui l\u2019Egitto \u00e8 uno dei Paesi focus e un partner prioritario. Particolare attenzione sar\u00e0 dedicata alla formazione tecnica e professionale e allo sviluppo delle competenze, per offrire nuove opportunit\u00e0 ai giovani egiziani e contribuire al tempo stesso a rispondere alla domanda di lavoratori qualificati del sistema produttivo italiano.<\/p>\n<p>&nbsp;<\/p>\n","protected":false},"excerpt":{"rendered":"Il Ministro degli Esteri Antonio Tajani sar\u00e0 domani al Cairo per una missione dedicata al rafforzamento del partenariato tra Italia ed Egitto, alla cooperazione sui principali dossier regionali e allo sviluppo delle relazioni economiche e commerciali. Nel corso della visita Tajani incontrer\u00e0 il Presidente Abdel Fattah al-Sisi e il Ministro degli Esteri Badr Abdelatty, con [&hellip;]","protected":false},"author":30,"featured_media":201960,"comment_status":"closed","ping_status":"closed","sticky":false,"template":"","format":"standard","meta":{"footnotes":""},"categories":[1],"tags":[6,28],"class_list":["post-203402","post","type-post","status-publish","format-standard","has-post-thumbnail","hentry","category-comunicati","tag-mediterraneo-e-medio-oriente","tag-ministro"],"_links":{"self":[{"href":"https:\/\/www.esteri.it\/it\/wp-json\/wp\/v2\/posts\/203402","targetHints":{"allow":["GET"]}}],"collection":[{"href":"https:\/\/www.esteri.it\/it\/wp-json\/wp\/v2\/posts"}],"about":[{"href":"https:\/\/www.esteri.it\/it\/wp-json\/wp\/v2\/types\/post"}],"author":[{"embeddable":true,"href":"https:\/\/www.esteri.it\/it\/wp-json\/wp\/v2\/users\/30"}],"replies":[{"embeddable":true,"href":"https:\/\/www.esteri.it\/it\/wp-json\/wp\/v2\/comments?post=203402"}],"version-history":[{"count":1,"href":"https:\/\/www.esteri.it\/it\/wp-json\/wp\/v2\/posts\/203402\/revisions"}],"predecessor-version":[{"id":203403,"href":"https:\/\/www.esteri.it\/it\/wp-json\/wp\/v2\/posts\/203402\/revisions\/203403"}],"wp:featuredmedia":[{"embeddable":true,"href":"https:\/\/www.esteri.it\/it\/wp-json\/wp\/v2\/media\/201960"}],"wp:attachment":[{"href":"https:\/\/www.esteri.it\/it\/wp-json\/wp\/v2\/media?parent=203402"}],"wp:term":[{"taxonomy":"category","embeddable":true,"href":"https:\/\/www.esteri.it\/it\/wp-json\/wp\/v2\/categories?post=203402"},{"taxonomy":"post_tag","embeddable":true,"href":"https:\/\/www.esteri.it\/it\/wp-json\/wp\/v2\/tags?post=203402"}],"curies":[{"name":"wp","href":"https:\/\/api.w.org\/{rel}","templated":true}]}}