{"id":203423,"date":"2026-09-03T08:34:12","date_gmt":"2026-09-03T06:34:12","guid":{"rendered":"https:\/\/www.esteri.it\/?p=203423"},"modified":"2026-09-03T08:34:12","modified_gmt":"2026-09-03T06:34:12","slug":"ambasciata-ditalia-a-cuba-mobilitata-per-le-ricerche-del-connazionale-maurizio-cappato-scomparso-in-mare","status":"publish","type":"post","link":"https:\/\/www.esteri.it\/it\/sala_stampa\/archivionotizie\/comunicati\/2026\/09\/ambasciata-ditalia-a-cuba-mobilitata-per-le-ricerche-del-connazionale-maurizio-cappato-scomparso-in-mare\/","title":{"rendered":"Ambasciata d\u2019Italia a Cuba mobilitata per le ricerche del connazionale Maurizio Cappato, scomparso in mare"},"content":{"rendered":"<p>La Farnesina da giorni \u00e8 in continuo contatto con la famiglia di Maurizio Cappato, l\u2019ex agente di polizia che da anni si \u00e8 trasferito e vive a Cuba. Cappato \u00e8 scomparso il 24 agosto durante una battuta di pesca. La segnalazione fatta alla polizia cubana viene seguita dall\u2019Ambasciata e in prima persona dall\u2019Ambasciatrice Simona De Martino. Vengono informate sia la moglie cubana, che vive a Cienfuegos, quanto la figlia Mary in Italia, con cui ha parlato anche la stessa ambasciatrice.<\/p>\n<p>La polizia cubana sta continuando le ricerche, tanto nell&#8217;entroterra boschivo del luogo da cui Cappato \u00e8 scomparso, quanto lungo tutta la costa. L\u2019ipotesi della polizia, con cui la stessa ambasciatrice ha parlato anche questa mattina, \u00e8 che il connazionale sia disperso in mare. Se questo fosse il caso, le ricerche del corpo potrebbero essere molto difficili per le forti correnti che interessano quel tratto di costa. Mentre sono in corso altre emergenze che in queste ore riguardano cittadini italiani a Cuba, l\u2019assistenza alla famiglia di Cappato \u00e8 continuata senza interruzione: la famiglia, tra l\u2019altro, ha ricevuto dalla polizia cubana copia della denuncia, e a sua volta ha sporto denuncia di scomparsa presso l&#8217;autorit\u00e0 italiana. La diplomatica ha trasmesso alla figlia del signor Cappato anche il suo cellulare personale per ogni necessit\u00e0. Cos\u00ec come viene informato continuamente il primo parente interessato alle ricerche, ovvero la moglie del signor Cappato che \u00e8 presente sull\u2019isola.<\/p>\n","protected":false},"excerpt":{"rendered":"La Farnesina da giorni \u00e8 in continuo contatto con la famiglia di Maurizio Cappato, l\u2019ex agente di polizia che da anni si \u00e8 trasferito e vive a Cuba. Cappato \u00e8 scomparso il 24 agosto durante una battuta di pesca. La segnalazione fatta alla polizia cubana viene seguita dall\u2019Ambasciata e in prima persona dall\u2019Ambasciatrice Simona De [&hellip;]","protected":false},"author":34,"featured_media":202348,"comment_status":"closed","ping_status":"closed","sticky":false,"template":"","format":"standard","meta":{"footnotes":""},"categories":[1],"tags":[7],"class_list":["post-203423","post","type-post","status-publish","format-standard","has-post-thumbnail","hentry","category-comunicati","tag-italiani-nel-mondo"],"_links":{"self":[{"href":"https:\/\/www.esteri.it\/it\/wp-json\/wp\/v2\/posts\/203423","targetHints":{"allow":["GET"]}}],"collection":[{"href":"https:\/\/www.esteri.it\/it\/wp-json\/wp\/v2\/posts"}],"about":[{"href":"https:\/\/www.esteri.it\/it\/wp-json\/wp\/v2\/types\/post"}],"author":[{"embeddable":true,"href":"https:\/\/www.esteri.it\/it\/wp-json\/wp\/v2\/users\/34"}],"replies":[{"embeddable":true,"href":"https:\/\/www.esteri.it\/it\/wp-json\/wp\/v2\/comments?post=203423"}],"version-history":[{"count":1,"href":"https:\/\/www.esteri.it\/it\/wp-json\/wp\/v2\/posts\/203423\/revisions"}],"predecessor-version":[{"id":203425,"href":"https:\/\/www.esteri.it\/it\/wp-json\/wp\/v2\/posts\/203423\/revisions\/203425"}],"wp:featuredmedia":[{"embeddable":true,"href":"https:\/\/www.esteri.it\/it\/wp-json\/wp\/v2\/media\/202348"}],"wp:attachment":[{"href":"https:\/\/www.esteri.it\/it\/wp-json\/wp\/v2\/media?parent=203423"}],"wp:term":[{"taxonomy":"category","embeddable":true,"href":"https:\/\/www.esteri.it\/it\/wp-json\/wp\/v2\/categories?post=203423"},{"taxonomy":"post_tag","embeddable":true,"href":"https:\/\/www.esteri.it\/it\/wp-json\/wp\/v2\/tags?post=203423"}],"curies":[{"name":"wp","href":"https:\/\/api.w.org\/{rel}","templated":true}]}}