{"id":203584,"date":"2026-09-03T19:33:28","date_gmt":"2026-09-03T17:33:28","guid":{"rendered":"https:\/\/www.esteri.it\/?p=203584"},"modified":"2026-09-03T19:33:28","modified_gmt":"2026-09-03T17:33:28","slug":"il-vice-ministro-cirielli-co-presiede-la-quinta-sessione-delle-consultazioni-politiche-bilaterali-tra-italia-e-kuwait","status":"publish","type":"post","link":"https:\/\/www.esteri.it\/it\/sala_stampa\/archivionotizie\/comunicati\/2026\/09\/il-vice-ministro-cirielli-co-presiede-la-quinta-sessione-delle-consultazioni-politiche-bilaterali-tra-italia-e-kuwait\/","title":{"rendered":"Il Vice Ministro Cirielli co-presiede la quinta sessione delle consultazioni politiche bilaterali tra Italia e Kuwait"},"content":{"rendered":"<p>Si \u00e8 svolta oggi la quinta sessione delle consultazioni politiche bilaterali tra Italia e Kuwait, co-presieduta dal Vice Ministro degli Esteri Edmondo Cirielli e dal Vice Ministro degli Esteri del Kuwait Hamad Suleiman Mashaan Al-Mashaan.<\/p>\n<p>Al centro della sessione, un confronto sui rapporti bilaterali, sempre pi\u00f9 intensi specialmente nei settori della difesa, della promozione degli investimenti e dell&#8217;energia e caratterizzati da appuntamenti di alto livello politico. La collaborazione tra Roma e Al Kuwait nell&#8217;industria della difesa occupa un ruolo centrale, sullo sfondo del delicato contesto regionale nel quale l&#8217;Italia \u00e8 fortemente impegnata a favore della stabilit\u00e0 del Golfo e della libert\u00e0 di navigazione.<\/p>\n<p>Sono stati poi affrontati i rapporti tra Unione europea e Consiglio di Cooperazione del Golfo e temi regionali come la situazione in Iran, Iraq, Libano, Siria, Yemen e la questione palestinese: il Vice Ministro ha ribadito il tradizionale impegno italiano a favore della pace, dello sviluppo economico e del sostegno umanitario alla popolazione.<\/p>\n","protected":false},"excerpt":{"rendered":"Si \u00e8 svolta oggi la quinta sessione delle consultazioni politiche bilaterali tra Italia e Kuwait, co-presieduta dal Vice Ministro degli Esteri Edmondo Cirielli e dal Vice Ministro degli Esteri del Kuwait Hamad Suleiman Mashaan Al-Mashaan. Al centro della sessione, un confronto sui rapporti bilaterali, sempre pi\u00f9 intensi specialmente nei settori della difesa, della promozione degli [&hellip;]","protected":false},"author":8,"featured_media":203586,"comment_status":"closed","ping_status":"closed","sticky":false,"template":"","format":"standard","meta":{"footnotes":""},"categories":[1],"tags":[6,386],"class_list":["post-203584","post","type-post","status-publish","format-standard","has-post-thumbnail","hentry","category-comunicati","tag-mediterraneo-e-medio-oriente","tag-vice-ministro-edmondo-cirielli"],"_links":{"self":[{"href":"https:\/\/www.esteri.it\/it\/wp-json\/wp\/v2\/posts\/203584","targetHints":{"allow":["GET"]}}],"collection":[{"href":"https:\/\/www.esteri.it\/it\/wp-json\/wp\/v2\/posts"}],"about":[{"href":"https:\/\/www.esteri.it\/it\/wp-json\/wp\/v2\/types\/post"}],"author":[{"embeddable":true,"href":"https:\/\/www.esteri.it\/it\/wp-json\/wp\/v2\/users\/8"}],"replies":[{"embeddable":true,"href":"https:\/\/www.esteri.it\/it\/wp-json\/wp\/v2\/comments?post=203584"}],"version-history":[{"count":1,"href":"https:\/\/www.esteri.it\/it\/wp-json\/wp\/v2\/posts\/203584\/revisions"}],"predecessor-version":[{"id":203587,"href":"https:\/\/www.esteri.it\/it\/wp-json\/wp\/v2\/posts\/203584\/revisions\/203587"}],"wp:featuredmedia":[{"embeddable":true,"href":"https:\/\/www.esteri.it\/it\/wp-json\/wp\/v2\/media\/203586"}],"wp:attachment":[{"href":"https:\/\/www.esteri.it\/it\/wp-json\/wp\/v2\/media?parent=203584"}],"wp:term":[{"taxonomy":"category","embeddable":true,"href":"https:\/\/www.esteri.it\/it\/wp-json\/wp\/v2\/categories?post=203584"},{"taxonomy":"post_tag","embeddable":true,"href":"https:\/\/www.esteri.it\/it\/wp-json\/wp\/v2\/tags?post=203584"}],"curies":[{"name":"wp","href":"https:\/\/api.w.org\/{rel}","templated":true}]}}