{"id":203602,"date":"2026-09-04T09:00:07","date_gmt":"2026-09-04T07:00:07","guid":{"rendered":"https:\/\/www.esteri.it\/?p=203602"},"modified":"2026-09-04T09:00:07","modified_gmt":"2026-09-04T07:00:07","slug":"il-ministro-tajani-oggi-a-cernobbio-per-il-forum-ambrosetti-focus-sulle-sfide-europee-nel-contesto-globale","status":"publish","type":"post","link":"https:\/\/www.esteri.it\/it\/sala_stampa\/archivionotizie\/comunicati\/2026\/09\/il-ministro-tajani-oggi-a-cernobbio-per-il-forum-ambrosetti-focus-sulle-sfide-europee-nel-contesto-globale\/","title":{"rendered":"Il Ministro Tajani oggi a Cernobbio per il Forum Ambrosetti. Focus sulle sfide europee nel contesto globale"},"content":{"rendered":"<p>Il Ministro degli Esteri Antonio Tajani sar\u00e0 oggi a Cernobbio per partecipare alla 52\u00aa edizione del Forum Ambrosetti, uno dei principali appuntamenti internazionali di confronto sui grandi temi economici, geopolitici e strategici. Alle ore 13, il Ministro interverr\u00e0 nel segmento dedicato alle \u201cSfide europee nel contesto globale\u201d, in un dialogo con il Presidente della Fondazione Corriere della Sera, Ferruccio De Bortoli.<\/p>\n<p>Al centro del confronto il ruolo dell\u2019Italia di fronte alle principali sfide dello scenario internazionale e l\u2019azione del Governo per tutelare gli interessi nazionali e rafforzare la presenza italiana nel mondo. Tajani illustrer\u00e0 le priorit\u00e0 della politica estera italiana, dalla sicurezza e dal contrasto alle minacce ibride alla crescita e alla competitivit\u00e0 del sistema produttivo, con particolare attenzione al sostegno all\u2019internazionalizzazione delle imprese.<\/p>\n","protected":false},"excerpt":{"rendered":"Il Ministro degli Esteri Antonio Tajani sar\u00e0 oggi a Cernobbio per partecipare alla 52\u00aa edizione del Forum Ambrosetti, uno dei principali appuntamenti internazionali di confronto sui grandi temi economici, geopolitici e strategici. Alle ore 13, il Ministro interverr\u00e0 nel segmento dedicato alle \u201cSfide europee nel contesto globale\u201d, in un dialogo con il Presidente della Fondazione [&hellip;]","protected":false},"author":34,"featured_media":203605,"comment_status":"closed","ping_status":"closed","sticky":false,"template":"","format":"standard","meta":{"footnotes":""},"categories":[1],"tags":[3,9,28,404],"class_list":["post-203602","post","type-post","status-publish","format-standard","has-post-thumbnail","hentry","category-comunicati","tag-diplomazia-economica","tag-europa","tag-ministro","tag-sicurezza"],"_links":{"self":[{"href":"https:\/\/www.esteri.it\/it\/wp-json\/wp\/v2\/posts\/203602","targetHints":{"allow":["GET"]}}],"collection":[{"href":"https:\/\/www.esteri.it\/it\/wp-json\/wp\/v2\/posts"}],"about":[{"href":"https:\/\/www.esteri.it\/it\/wp-json\/wp\/v2\/types\/post"}],"author":[{"embeddable":true,"href":"https:\/\/www.esteri.it\/it\/wp-json\/wp\/v2\/users\/34"}],"replies":[{"embeddable":true,"href":"https:\/\/www.esteri.it\/it\/wp-json\/wp\/v2\/comments?post=203602"}],"version-history":[{"count":1,"href":"https:\/\/www.esteri.it\/it\/wp-json\/wp\/v2\/posts\/203602\/revisions"}],"predecessor-version":[{"id":203608,"href":"https:\/\/www.esteri.it\/it\/wp-json\/wp\/v2\/posts\/203602\/revisions\/203608"}],"wp:featuredmedia":[{"embeddable":true,"href":"https:\/\/www.esteri.it\/it\/wp-json\/wp\/v2\/media\/203605"}],"wp:attachment":[{"href":"https:\/\/www.esteri.it\/it\/wp-json\/wp\/v2\/media?parent=203602"}],"wp:term":[{"taxonomy":"category","embeddable":true,"href":"https:\/\/www.esteri.it\/it\/wp-json\/wp\/v2\/categories?post=203602"},{"taxonomy":"post_tag","embeddable":true,"href":"https:\/\/www.esteri.it\/it\/wp-json\/wp\/v2\/tags?post=203602"}],"curies":[{"name":"wp","href":"https:\/\/api.w.org\/{rel}","templated":true}]}}