{"id":203746,"date":"2026-09-06T17:29:46","date_gmt":"2026-09-06T15:29:46","guid":{"rendered":"https:\/\/www.esteri.it\/?p=203746"},"modified":"2026-09-06T18:05:40","modified_gmt":"2026-09-06T16:05:40","slug":"tajani-guida-una-missione-di-sistema-in-argentina-e-brasile-con-il-ministro-valditara-confindustria-e-oltre-100-imprese-focus-sulla-crescita-dellexport-italiano","status":"publish","type":"post","link":"https:\/\/www.esteri.it\/it\/sala_stampa\/archivionotizie\/comunicati\/2026\/09\/tajani-guida-una-missione-di-sistema-in-argentina-e-brasile-con-il-ministro-valditara-confindustria-e-oltre-100-imprese-focus-sulla-crescita-dellexport-italiano\/","title":{"rendered":"Tajani guida una missione di sistema in Argentina e in Brasile"},"content":{"rendered":"<p>Il Ministro degli Esteri Antonio Tajani sar\u00e0 in missione in Sud America, con tappe a Buenos Aires l\u20198 settembre e a San Paolo il 9 e 10 settembre, accompagnato da una delegazione di oltre 100 imprese italiane guidata dal Presidente di Confindustria Emanuele Orsini, cui si aggiungeranno grandi imprese italiane attive nei due Paesi. Alla tappa argentina parteciper\u00e0 anche il Ministro dell\u2019Istruzione e del Merito Giuseppe Valditara. Saranno inoltre presenti il Presidente dell\u2019Agenzia ICE Matteo Zoppas, l\u2019AD di SACE Michele Pignotti e l\u2019AD di SIMEST Regina Corradini D\u2019Arienzo. Una missione di sistema per aumentare l\u2019interscambio e l\u2019export italiano verso due mercati prioritari dell\u2019America Latina, cogliendo le opportunit\u00e0 offerte dall\u2019Accordo UE-Mercosur.<\/p>\n<p>A Buenos Aires, Tajani incontrer\u00e0 il Presidente Javier Milei, il Capo di Gabinetto dei Ministri Diego Santilli e il Ministro degli Esteri Pablo Quirno. I colloqui saranno dedicati allo sviluppo del partenariato bilaterale, sulla base del Piano d\u2019Azione firmato lo scorso anno dal Presidente del Consiglio Giorgia Meloni e dal Presidente Milei. Tajani incontrer\u00e0 anche il Segretario Generale dell\u2019IILA, Giorgio Silli, in Argentina per l\u2019annuale Foro PYMES dell\u2019IILA, che si svolge in parallelo alla missione di sistema con la partecipazione di numerose PMI dell\u2019America Latina.<\/p>\n<p>La diplomazia della crescita sar\u00e0 al centro della tappa argentina. Tajani aprir\u00e0, insieme al Ministro Quirno, una riunione con grandi imprese italiane e argentine e, a seguire, con Quirno, Valditara e i vertici di Confindustria, un Forum imprenditoriale per sostenere la presenza delle aziende italiane e favorire nuove opportunit\u00e0 commerciali e di investimento. In Argentina operano gi\u00e0 oltre 300 imprese a capitale italiano, con importanti prospettive nei settori dell\u2019energia, dell\u2019agroalimentare, della farmaceutica, della meccanica, delle nuove tecnologie e della difesa.<\/p>\n<p>Il 9 e 10 settembre Tajani sar\u00e0 a San Paolo, per la sua terza visita in Brasile dall\u2019inizio del mandato, dove incontrer\u00e0 il Ministro dello Sviluppo, Industria, Commercio e Servizi Marcio Rosa. Anche in Brasile aprir\u00e0 un Forum economico con le imprese. Il Paese \u00e8 il primo partner commerciale dell\u2019Italia in Sud America: nel 2025 l\u2019interscambio ha superato gli 11 miliardi di euro e sono circa 1.100 le imprese a partecipazione italiana presenti sul mercato brasiliano.<\/p>\n<p>La missione si inserisce nella strategia italiana per rafforzare la presenza economica nell\u2019area del Mercosur. Nel 2025 l\u2019interscambio con i Paesi del blocco ha raggiunto il valore record di 14,7 miliardi di euro, in crescita del 51% rispetto al 2019, con un ulteriore incremento dell\u20198,7% nel primo semestre del 2026. Brasile e Argentina assorbono insieme oltre il 92% delle esportazioni italiane verso l\u2019area.<\/p>\n<p>La visita avr\u00e0 infine importanti momenti culturali e di incontro con le comunit\u00e0 italiane residenti nei due Paesi, per valorizzare i profondi legami storici, culturali e umani con Argentina e Brasile, rafforzati dalla presenza di milioni di cittadini italiani e di discendenti di origine italiana.<\/p>\n","protected":false},"excerpt":{"rendered":"Il Ministro degli Esteri Antonio Tajani sar\u00e0 in missione in Sud America, con tappe a Buenos Aires l\u20198 settembre e a San Paolo il 9 e 10 settembre, accompagnato da una delegazione di oltre 100 imprese italiane guidata dal Presidente di Confindustria Emanuele Orsini, cui si aggiungeranno grandi imprese italiane attive nei due Paesi. Alla [&hellip;]","protected":false},"author":30,"featured_media":201960,"comment_status":"closed","ping_status":"closed","sticky":false,"template":"","format":"standard","meta":{"footnotes":""},"categories":[1],"tags":[3,28],"class_list":["post-203746","post","type-post","status-publish","format-standard","has-post-thumbnail","hentry","category-comunicati","tag-diplomazia-economica","tag-ministro"],"_links":{"self":[{"href":"https:\/\/www.esteri.it\/it\/wp-json\/wp\/v2\/posts\/203746","targetHints":{"allow":["GET"]}}],"collection":[{"href":"https:\/\/www.esteri.it\/it\/wp-json\/wp\/v2\/posts"}],"about":[{"href":"https:\/\/www.esteri.it\/it\/wp-json\/wp\/v2\/types\/post"}],"author":[{"embeddable":true,"href":"https:\/\/www.esteri.it\/it\/wp-json\/wp\/v2\/users\/30"}],"replies":[{"embeddable":true,"href":"https:\/\/www.esteri.it\/it\/wp-json\/wp\/v2\/comments?post=203746"}],"version-history":[{"count":3,"href":"https:\/\/www.esteri.it\/it\/wp-json\/wp\/v2\/posts\/203746\/revisions"}],"predecessor-version":[{"id":203752,"href":"https:\/\/www.esteri.it\/it\/wp-json\/wp\/v2\/posts\/203746\/revisions\/203752"}],"wp:featuredmedia":[{"embeddable":true,"href":"https:\/\/www.esteri.it\/it\/wp-json\/wp\/v2\/media\/201960"}],"wp:attachment":[{"href":"https:\/\/www.esteri.it\/it\/wp-json\/wp\/v2\/media?parent=203746"}],"wp:term":[{"taxonomy":"category","embeddable":true,"href":"https:\/\/www.esteri.it\/it\/wp-json\/wp\/v2\/categories?post=203746"},{"taxonomy":"post_tag","embeddable":true,"href":"https:\/\/www.esteri.it\/it\/wp-json\/wp\/v2\/tags?post=203746"}],"curies":[{"name":"wp","href":"https:\/\/api.w.org\/{rel}","templated":true}]}}