{"id":20396,"date":"2012-03-27T14:26:37","date_gmt":"2012-03-27T12:26:37","guid":{"rendered":"https:\/\/www.esteri.it\/sala_stampa\/archivionotizie\/comunicati\/2012\/03\/20120327_maro\/"},"modified":"2012-03-27T14:26:37","modified_gmt":"2012-03-27T12:26:37","slug":"20120327_maro","status":"publish","type":"post","link":"https:\/\/www.esteri.it\/it\/sala_stampa\/archivionotizie\/approfondimenti\/2012\/03\/20120327_maro\/","title":{"rendered":"MARO\u2019: Terzi, rinvio Alta Corte Kerala su giurisdizione \u00e8 segno di attenzione a procedure. Messaggio del Capo dello Stato al Ministro: &#8220;forte incoraggiamento a proseguire impegno per la liberazione di Bosusco&#8221;"},"content":{"rendered":"<p><P>&#8220;E&#8217; segno che vi sono delle questioni procedurali che sono valutate molto attentamente&#8221;. Cos\u00ec il Ministro Giulio Terzi commenta il nuovo rinvio della decisione dell&#8217;Alta Corte di Kerala sulla giurisdizione del caso dei due mar\u00f2. &#8220;Il nostro team legale sta proseguendo la sua azione&#8221;, ha aggiunto Terzi, definendo &#8220;importante&#8221; l&#8217;incontro tra il premier Monti e l&#8217;indiano Singh perch\u00e9 conferma la volont\u00e0 di collaborazione e partecipazione delle autorit\u00e0 indiane alla soluzione di questo caso&#8221;. <\/P><br \/>\n<P>Terzi ha reso noto di aver ricevuto una lettera del Presidente della Repubblica, Giorgio Napolitano nella quale il Capo dello Stato rivolge al Ministro un &#8220;forte incoraggiamento a proseguire con il massimo impegno e impulso l&#8217;opera per ottenere la liberazione sollecita di Paolo Bosusco&#8221;.<\/P><\/p>\n","protected":false},"excerpt":{"rendered":"&#8220;E&#8217; segno che vi sono delle questioni procedurali che sono valutate molto attentamente&#8221;. Cos\u00ec il Ministro Giulio Terzi commenta il nuovo rinvio della decisione dell&#8217;Alta Corte di Kerala sulla giurisdizione del caso dei due mar\u00f2. &#8220;Il nostro team legale sta proseguendo la sua azione&#8221;, ha aggiunto Terzi, definendo &#8220;importante&#8221; l&#8217;incontro tra il premier Monti e [&hellip;]","protected":false},"author":1,"featured_media":0,"comment_status":"","ping_status":"","sticky":false,"template":"","format":"standard","meta":{"footnotes":""},"categories":[2],"tags":[45],"class_list":["post-20396","post","type-post","status-publish","format-standard","hentry","category-approfondimenti","tag-asia-e-oceania"],"_links":{"self":[{"href":"https:\/\/www.esteri.it\/it\/wp-json\/wp\/v2\/posts\/20396","targetHints":{"allow":["GET"]}}],"collection":[{"href":"https:\/\/www.esteri.it\/it\/wp-json\/wp\/v2\/posts"}],"about":[{"href":"https:\/\/www.esteri.it\/it\/wp-json\/wp\/v2\/types\/post"}],"author":[{"embeddable":true,"href":"https:\/\/www.esteri.it\/it\/wp-json\/wp\/v2\/users\/1"}],"replies":[{"embeddable":true,"href":"https:\/\/www.esteri.it\/it\/wp-json\/wp\/v2\/comments?post=20396"}],"version-history":[{"count":0,"href":"https:\/\/www.esteri.it\/it\/wp-json\/wp\/v2\/posts\/20396\/revisions"}],"wp:attachment":[{"href":"https:\/\/www.esteri.it\/it\/wp-json\/wp\/v2\/media?parent=20396"}],"wp:term":[{"taxonomy":"category","embeddable":true,"href":"https:\/\/www.esteri.it\/it\/wp-json\/wp\/v2\/categories?post=20396"},{"taxonomy":"post_tag","embeddable":true,"href":"https:\/\/www.esteri.it\/it\/wp-json\/wp\/v2\/tags?post=20396"}],"curies":[{"name":"wp","href":"https:\/\/api.w.org\/{rel}","templated":true}]}}