{"id":20538,"date":"2012-03-16T11:30:39","date_gmt":"2012-03-16T10:30:39","guid":{"rendered":"https:\/\/www.esteri.it\/sala_stampa\/archivionotizie\/comunicati\/2012\/03\/20120316_terzialgeri\/"},"modified":"2012-03-16T11:30:39","modified_gmt":"2012-03-16T10:30:39","slug":"20120316_terzialgeri","status":"publish","type":"post","link":"https:\/\/www.esteri.it\/it\/sala_stampa\/archivionotizie\/approfondimenti\/2012\/03\/20120316_terzialgeri\/","title":{"rendered":"Terzi ad Algeri: priorit\u00e0 alla vita degli ostaggi"},"content":{"rendered":"<p><P>La preservazione della vita, della sicurezza e del benessere degli ostaggi sono per l&#8217;Italia il &#8220;valore assoluto&#8221;. Cos\u00ec come resta la &#8220;netta contrariet\u00e0 al pagamento di riscatti&#8221;. E&#8217; chiaro il messaggio portato dal Ministro Giulio Terzi ad Algeri nell&#8217;ambito di una visita pensata su temi di cooperazione economica, ma che non poteva prescindere dal &#8216;dossier sequestri&#8217;, nel paese dove sono state rapite le italiane Rossella Urru e Maria Sandra Mariani, entrambe ancora nelle mani dei sequestratori.<\/P><br \/>\n<P>Roma \u00e8 ferma nel sottolineare che bisogna evitare il ripetersi di accelerazioni militari o eccessive esposizioni mediatiche. &#8220;Ho parlato della Urru e della Mariani in termini molto precisi&#8221; ha detto il titolare della Farnesina ad Algeri dopo il colloquio con il ministro degli Esteri algerino Mourad Medelci, &#8220;affermando l&#8217;esigenza che nelle operazioni antiterrorismo, di cui l&#8217;Algeria ha una grande esperienza, comunque il valore assoluto sia quello della preservazione della vita e della sicurezza degli ostaggi&#8221;. Terzi ha quindi aggiunto che &#8220;l&#8217;Italia \u00e8 nettamente contraria al pagamento di riscatti per gli ostaggi&#8221; in quanto &#8220;\u00e8 qualcosa di negativo perch\u00e9 s&#8217;incanala inevitabilmente in finanziamenti di gruppi terroristici&#8221;. Ed ha in fine spiegato che intende mantenere la massima riservatezza su eventuali novit\u00e0 e sviluppi, &#8220;\u00e9 sempre essenziale in questi casi&#8221;, ha detto.<\/P><br \/>\n<P>La preoccupazione per la sorte delle due italiane rapite in Algeria, non \u00e8 tuttavia un &#8216;tema isolato &#8216; o a s\u00e9 stante nella visione che l&#8217;Italia ha portato ad Algeri per un rafforzamento della cooperazione tra i due paesi: politica, economia e sicurezza sono infatti le parole chiave di una rapporto strategico che lega da tempo, e in maniera fruttuosa, Italia e Algeria. Ma in un mondo arabo in trasformazione, dove la stabilit\u00e0 \u00e8 indispensabile nel percorso ancora incerto delle &#8216;primavere arabe&#8217;, ci sono &#8220;sviluppi che meritano di essere esaminati in profondit\u00e0&#8221;.<\/P><br \/>\n<P>Cos\u00ec la strategia \u00e8 a monte ed \u00e8 &#8216;economica&#8217;: la Farnesina collega in modo diretto il tema della crescita economica regionale e quello della sicurezza, anche per questo ritiene che sia cruciale una maggiore visibilit\u00e0 dell&#8217;Europa nella sponda sud. Per questo il rilancio dei rapporti \u00e8 anche a livello europeo. Per l&#8217;Italia si tratta di una &#8216;ripresa&#8217;: ne \u00e8 prova il vertice Italo-algerino dei prossimi mesi, una consuetudine interrotta nel 2007, a cui per\u00f2 si arriva preparati. Il primo passo e\u2019 con la missione ad Algeri che ha visto coinvolti nella visita di Terzi anche un folto gruppo di imprenditori italiani. Che hanno ricevuto anche alcune rassicurazioni: &#8220;c&#8217;\u00e9 una sincera volont\u00e0 del governo algerino di ridurre il peso della burocrazia e di lavorare per diversificare l&#8217;apparato economico&#8221;, ha riferito Terzi toccando uno dei punti cruciali per un rilancio della cooperazione economica. &#8220;Le nostre imprese, mi \u00e8 stato detto, sono le benvenute. &#8211; ha continuato &#8211; C&#8217;\u00e9 una grande volont\u00e0 di lavorare per diversificare l&#8217;apparato economico e la produzione industriale&#8221; andando anche oltre il settore energetico, naturale pilastro dei legami con l&#8217;Italia.<\/P><\/p>\n","protected":false},"excerpt":{"rendered":"La preservazione della vita, della sicurezza e del benessere degli ostaggi sono per l&#8217;Italia il &#8220;valore assoluto&#8221;. Cos\u00ec come resta la &#8220;netta contrariet\u00e0 al pagamento di riscatti&#8221;. E&#8217; chiaro il messaggio portato dal Ministro Giulio Terzi ad Algeri nell&#8217;ambito di una visita pensata su temi di cooperazione economica, ma che non poteva prescindere dal &#8216;dossier [&hellip;]","protected":false},"author":1,"featured_media":0,"comment_status":"","ping_status":"","sticky":false,"template":"","format":"standard","meta":{"footnotes":""},"categories":[2],"tags":[6,76],"class_list":["post-20538","post","type-post","status-publish","format-standard","hentry","category-approfondimenti","tag-mediterraneo-e-medio-oriente","tag-ministri-precedenti"],"_links":{"self":[{"href":"https:\/\/www.esteri.it\/it\/wp-json\/wp\/v2\/posts\/20538","targetHints":{"allow":["GET"]}}],"collection":[{"href":"https:\/\/www.esteri.it\/it\/wp-json\/wp\/v2\/posts"}],"about":[{"href":"https:\/\/www.esteri.it\/it\/wp-json\/wp\/v2\/types\/post"}],"author":[{"embeddable":true,"href":"https:\/\/www.esteri.it\/it\/wp-json\/wp\/v2\/users\/1"}],"replies":[{"embeddable":true,"href":"https:\/\/www.esteri.it\/it\/wp-json\/wp\/v2\/comments?post=20538"}],"version-history":[{"count":0,"href":"https:\/\/www.esteri.it\/it\/wp-json\/wp\/v2\/posts\/20538\/revisions"}],"wp:attachment":[{"href":"https:\/\/www.esteri.it\/it\/wp-json\/wp\/v2\/media?parent=20538"}],"wp:term":[{"taxonomy":"category","embeddable":true,"href":"https:\/\/www.esteri.it\/it\/wp-json\/wp\/v2\/categories?post=20538"},{"taxonomy":"post_tag","embeddable":true,"href":"https:\/\/www.esteri.it\/it\/wp-json\/wp\/v2\/tags?post=20538"}],"curies":[{"name":"wp","href":"https:\/\/api.w.org\/{rel}","templated":true}]}}